{"id":9191,"date":"2025-03-12T12:48:43","date_gmt":"2025-03-12T18:48:43","guid":{"rendered":"https:\/\/plumanegranoticias.com\/?p=9191"},"modified":"2025-03-12T12:49:42","modified_gmt":"2025-03-12T18:49:42","slug":"pronto-inauguracion-del-puente-en-jesus-carranza","status":"publish","type":"post","link":"https:\/\/plumanegranoticias.com\/?p=9191","title":{"rendered":"PRONTO INAUGURACI\u00d3N DEL PUENTE \u00a0EN JES\u00daS CARRANZA"},"content":{"rendered":"\n<p class=\"MsoNormal\">Obra del Corredor Trans\u00edtsmico en el sur de Veracruz<\/p>\n\n\n\n<p class=\"MsoNormal\">El Puente Jaltepec II en Jes\u00fas Carranza, Veracruz, es una obra de infraestructura clave que busca mejorar la conectividad de la regi\u00f3n sur de Veracruz, asegur\u00f3 el Presidente Municipal, Pasiano Rueda Canseco.<\/p>\n\n\n\n<p class=\"MsoNormal\">Se\u00f1al\u00f3 que la obra fue proyectada en el pasado sexenio y con el respaldo de la Presidenta, Claudia Sheinbaum y de la Gobernadora Roc\u00edo Nahle se concretar\u00e1 en este a\u00f1o para beneficio de miles de habitantes, \u201cpresenta un avance significativo &nbsp;y falta detalles finales\u201d.<\/p>\n\n\n\n<p class=\"MsoNormal\">El puente vehicular cruza el r\u00edo Jaltepec y conecta la cabecera municipal de Jes\u00fas Carranza con diversas comunidades rurales, incluyendo Suchilapan, adem\u00e1s de facilitar el acceso a caminos que conducen hacia los municipios veicnos de Uxpanapa e Hidalgotitl\u00e1n.<\/p>\n\n\n\n<p class=\"MsoNormal\">Recprd\u00f3 que la construcci\u00f3n del puente fue ordenada por el presidente Andr\u00e9s Manuel L\u00f3pez Obrador en 2023, como parte de los proyectos del Corredor Interoce\u00e1nico del Istmo de Tehuantepec y pesar de desaf\u00edos clim\u00e1ticos, como el incremento del caudal del r\u00edo debido a lluvias intensas.<\/p>\n\n\n\n<p>Con el nuevo puente se termina con el sistema b\u00e1sico de cruce del R\u00edo en panga, una plataforma met\u00e1lica que por d\u00e9cadas fue el medio de transporte que comunicaba a las comunidades rurales con la cabecera municipal de Jes\u00fas Carranza, explic\u00f3 el edil, Rueda Canseco.<\/p>\n\n\n\n<p class=\"MsoNormal\">La obra representa progreso significativo para Jes\u00fas Carranza, ya que mejorar\u00e1 la movilidad, impulsar\u00e1 el desarrollo econ\u00f3mico y brindar\u00e1 mayor seguridad en el tr\u00e1nsito entre las comunidades de la regi\u00f3n.<\/p>\n\n\n\n<figure class=\"wp-block-image size-large\"><img loading=\"lazy\" decoding=\"async\" width=\"1024\" height=\"767\" src=\"https:\/\/plumanegranoticias.com\/wp-content\/uploads\/2025\/03\/img-20250312-wa00206197704631777722828-1024x767.jpg\" alt=\"\" class=\"wp-image-9190\" srcset=\"https:\/\/plumanegranoticias.com\/wp-content\/uploads\/2025\/03\/img-20250312-wa00206197704631777722828-1024x767.jpg 1024w, https:\/\/plumanegranoticias.com\/wp-content\/uploads\/2025\/03\/img-20250312-wa00206197704631777722828-300x225.jpg 300w, https:\/\/plumanegranoticias.com\/wp-content\/uploads\/2025\/03\/img-20250312-wa00206197704631777722828-768x575.jpg 768w, https:\/\/plumanegranoticias.com\/wp-content\/uploads\/2025\/03\/img-20250312-wa00206197704631777722828-1536x1150.jpg 1536w, https:\/\/plumanegranoticias.com\/wp-content\/uploads\/2025\/03\/img-20250312-wa00206197704631777722828-400x300.jpg 400w, https:\/\/plumanegranoticias.com\/wp-content\/uploads\/2025\/03\/img-20250312-wa00206197704631777722828.jpg 1600w\" sizes=\"auto, (max-width: 1024px) 100vw, 1024px\" \/><\/figure>\n\n\n\n<figure class=\"wp-block-image\"><img loading=\"lazy\" decoding=\"async\" width=\"1024\" height=\"767\" src=\"https:\/\/plumanegranoticias.com\/wp-content\/uploads\/2025\/03\/img-20250312-wa00175715167042859721387-1024x767.jpg\" alt=\"\" class=\"wp-image-9188\" srcset=\"https:\/\/plumanegranoticias.com\/wp-content\/uploads\/2025\/03\/img-20250312-wa00175715167042859721387-1024x767.jpg 1024w, https:\/\/plumanegranoticias.com\/wp-content\/uploads\/2025\/03\/img-20250312-wa00175715167042859721387-300x225.jpg 300w, https:\/\/plumanegranoticias.com\/wp-content\/uploads\/2025\/03\/img-20250312-wa00175715167042859721387-768x575.jpg 768w, https:\/\/plumanegranoticias.com\/wp-content\/uploads\/2025\/03\/img-20250312-wa00175715167042859721387-1536x1150.jpg 1536w, https:\/\/plumanegranoticias.com\/wp-content\/uploads\/2025\/03\/img-20250312-wa00175715167042859721387-400x300.jpg 400w, https:\/\/plumanegranoticias.com\/wp-content\/uploads\/2025\/03\/img-20250312-wa00175715167042859721387.jpg 1600w\" sizes=\"auto, (max-width: 1024px) 100vw, 1024px\" \/><\/figure>\n\n\n\n<figure class=\"wp-block-image\"><img loading=\"lazy\" decoding=\"async\" width=\"1024\" height=\"767\" src=\"https:\/\/plumanegranoticias.com\/wp-content\/uploads\/2025\/03\/img-20250312-wa00181267788025804209869-1024x767.jpg\" alt=\"\" class=\"wp-image-9189\" srcset=\"https:\/\/plumanegranoticias.com\/wp-content\/uploads\/2025\/03\/img-20250312-wa00181267788025804209869-1024x767.jpg 1024w, https:\/\/plumanegranoticias.com\/wp-content\/uploads\/2025\/03\/img-20250312-wa00181267788025804209869-300x225.jpg 300w, https:\/\/plumanegranoticias.com\/wp-content\/uploads\/2025\/03\/img-20250312-wa00181267788025804209869-768x575.jpg 768w, https:\/\/plumanegranoticias.com\/wp-content\/uploads\/2025\/03\/img-20250312-wa00181267788025804209869-1536x1150.jpg 1536w, https:\/\/plumanegranoticias.com\/wp-content\/uploads\/2025\/03\/img-20250312-wa00181267788025804209869-400x300.jpg 400w, https:\/\/plumanegranoticias.com\/wp-content\/uploads\/2025\/03\/img-20250312-wa00181267788025804209869.jpg 1600w\" sizes=\"auto, (max-width: 1024px) 100vw, 1024px\" \/><\/figure>\n","protected":false},"excerpt":{"rendered":"<p>Obra del Corredor Trans\u00edtsmico en el sur de Veracruz El Puente Jaltepec II en Jes\u00fas Carranza, Veracruz, es una obra de infraestructura clave que busca mejorar la conectividad de la regi\u00f3n sur de Veracruz, asegur\u00f3 el Presidente Municipal, Pasiano Rueda Canseco. Se\u00f1al\u00f3 que la obra fue proyectada en el pasado sexenio y con el respaldo&#8230; <\/p>\n<div class=\"clear\"><\/div>\n<p><a href=\"https:\/\/plumanegranoticias.com\/?p=9191\" class=\"excerpt-read-more\">Read More<i class=\"fa fa-caret-right icon-caret-right\"><\/i><\/a><\/p>\n","protected":false},"author":2,"featured_media":9193,"comment_status":"open","ping_status":"open","sticky":false,"template":"","format":"standard","meta":{"om_disable_all_campaigns":false,"_monsterinsights_skip_tracking":false,"_monsterinsights_sitenote_active":false,"_monsterinsights_sitenote_note":"","_monsterinsights_sitenote_category":0,"_uf_show_specific_survey":0,"_uf_disable_surveys":false,"footnotes":""},"categories":[8,12],"tags":[30,61,19],"class_list":["post-9191","post","type-post","status-publish","format-standard","has-post-thumbnail","hentry","category-politica","category-regional","tag-plumazos","tag-politica","tag-regional"],"aioseo_notices":[],"_links":{"self":[{"href":"https:\/\/plumanegranoticias.com\/index.php?rest_route=\/wp\/v2\/posts\/9191","targetHints":{"allow":["GET"]}}],"collection":[{"href":"https:\/\/plumanegranoticias.com\/index.php?rest_route=\/wp\/v2\/posts"}],"about":[{"href":"https:\/\/plumanegranoticias.com\/index.php?rest_route=\/wp\/v2\/types\/post"}],"author":[{"embeddable":true,"href":"https:\/\/plumanegranoticias.com\/index.php?rest_route=\/wp\/v2\/users\/2"}],"replies":[{"embeddable":true,"href":"https:\/\/plumanegranoticias.com\/index.php?rest_route=%2Fwp%2Fv2%2Fcomments&post=9191"}],"version-history":[{"count":1,"href":"https:\/\/plumanegranoticias.com\/index.php?rest_route=\/wp\/v2\/posts\/9191\/revisions"}],"predecessor-version":[{"id":9192,"href":"https:\/\/plumanegranoticias.com\/index.php?rest_route=\/wp\/v2\/posts\/9191\/revisions\/9192"}],"wp:featuredmedia":[{"embeddable":true,"href":"https:\/\/plumanegranoticias.com\/index.php?rest_route=\/wp\/v2\/media\/9193"}],"wp:attachment":[{"href":"https:\/\/plumanegranoticias.com\/index.php?rest_route=%2Fwp%2Fv2%2Fmedia&parent=9191"}],"wp:term":[{"taxonomy":"category","embeddable":true,"href":"https:\/\/plumanegranoticias.com\/index.php?rest_route=%2Fwp%2Fv2%2Fcategories&post=9191"},{"taxonomy":"post_tag","embeddable":true,"href":"https:\/\/plumanegranoticias.com\/index.php?rest_route=%2Fwp%2Fv2%2Ftags&post=9191"}],"curies":[{"name":"wp","href":"https:\/\/api.w.org\/{rel}","templated":true}]}}