{"id":9239,"date":"2025-03-15T09:29:46","date_gmt":"2025-03-15T15:29:46","guid":{"rendered":"https:\/\/plumanegranoticias.com\/?p=9239"},"modified":"2025-03-15T09:30:16","modified_gmt":"2025-03-15T15:30:16","slug":"cuatro-personas-detenidas-y-objetos-asegurados-en-operativo-de-cateo-con-fuerzas-estatales-en-juan-rodriguez-clara","status":"publish","type":"post","link":"https:\/\/plumanegranoticias.com\/?p=9239","title":{"rendered":"CUATRO PERSONAS DETENIDAS Y OBJETOS ASEGURADOS EN OPERATIVO DE CATEO CON FUERZAS ESTATALES EN JUAN RODR\u00cdGUEZ CLARA"},"content":{"rendered":"\n<p class=\"MsoNormal\">J<strong>uan Rodr\u00edguez Clara, Ver., a 15 de marzo del 2025.-<\/strong>La Fiscal\u00eda General del Estado informa que, Fiscales, Peritos y Polic\u00edas Ministeriales adscritos a la Fiscal\u00eda Regional Cosamaloapan, en coordinaci\u00f3n con la Secretar\u00eda de Seguridad P\u00fablica Estatal, detuvieron a Omar \u201cN\u201d, Miguel \u201cN\u201d, Ricardo \u201cN\u201d y Carlos \u00a0\u201cN\u201d como probables responsables del delito de homicidio culposo, en agravio de la v\u00edctima identificada con las iniciales S.C.H.<\/p>\n\n\n\n<p class=\"MsoNormal\">Los hechos ocurrieron cuando los elementos policiales llevaban a cabo un cateo autorizado por un juez, en un centro de rehabilitaci\u00f3n ubicado en la localidad Los Tigres, de este municipio, donde se llev\u00f3 a cabo la b\u00fasqueda de instrumentos u objetos relacionados con la privaci\u00f3n de la vida de la v\u00edctima, quien falleciera a causa de descargas el\u00e9ctricas provocadas por una linterna taser, el pasado 6 de marzo del a\u00f1o en curso.<\/p>\n\n\n\n<p class=\"MsoNormal\">En el lugar se logr\u00f3 el aseguramiento de una sustancia con caracter\u00edsticas similares a las del cristal, una l\u00e1mpara tipo chicharra y un tel\u00e9fono celular.<\/p>\n\n\n\n<p class=\"MsoNormal\">Respetando sus derechos humanos y el debido proceso, los detenidos fueron presentados ante el fiscal correspondiente de la Fiscal\u00eda Regional Cosamaloapan para que defina su situaci\u00f3n jur\u00eddica.<\/p>\n\n\n\n<figure class=\"wp-block-image size-large\"><img loading=\"lazy\" decoding=\"async\" width=\"300\" height=\"300\" src=\"https:\/\/plumanegranoticias.com\/wp-content\/uploads\/2025\/03\/img-20250315-wa00342271885511033603012-300x300.jpg\" alt=\"\" class=\"wp-image-9238\" srcset=\"https:\/\/plumanegranoticias.com\/wp-content\/uploads\/2025\/03\/img-20250315-wa00342271885511033603012-300x300.jpg 300w, https:\/\/plumanegranoticias.com\/wp-content\/uploads\/2025\/03\/img-20250315-wa00342271885511033603012-150x150.jpg 150w, https:\/\/plumanegranoticias.com\/wp-content\/uploads\/2025\/03\/img-20250315-wa00342271885511033603012-400x400.jpg 400w, https:\/\/plumanegranoticias.com\/wp-content\/uploads\/2025\/03\/img-20250315-wa00342271885511033603012.jpg 720w\" sizes=\"auto, (max-width: 300px) 100vw, 300px\" \/><\/figure>\n\n\n\n<figure class=\"wp-block-image\"><img decoding=\"async\" src=\"file:\/\/\/data\/user\/0\/com.microsoft.office.word\/files\/temp\/msohtmlclip\/clip_image002.png\" alt=\"\"\/><\/figure>\n\n\n\n<figure class=\"wp-block-image\"><img decoding=\"async\" src=\"file:\/\/\/data\/user\/0\/com.microsoft.office.word\/files\/temp\/msohtmlclip\/clip_image004.jpg\" alt=\"\"\/><\/figure>\n","protected":false},"excerpt":{"rendered":"<p>Juan Rodr\u00edguez Clara, Ver., a 15 de marzo del 2025.-La Fiscal\u00eda General del Estado informa que, Fiscales, Peritos y Polic\u00edas Ministeriales adscritos a la Fiscal\u00eda Regional Cosamaloapan, en coordinaci\u00f3n con la Secretar\u00eda de Seguridad P\u00fablica Estatal, detuvieron a Omar \u201cN\u201d, Miguel \u201cN\u201d, Ricardo \u201cN\u201d y Carlos \u00a0\u201cN\u201d como probables responsables del delito de homicidio culposo,&#8230; <\/p>\n<div class=\"clear\"><\/div>\n<p><a href=\"https:\/\/plumanegranoticias.com\/?p=9239\" class=\"excerpt-read-more\">Read More<i class=\"fa fa-caret-right icon-caret-right\"><\/i><\/a><\/p>\n","protected":false},"author":2,"featured_media":9241,"comment_status":"open","ping_status":"open","sticky":false,"template":"","format":"standard","meta":{"om_disable_all_campaigns":false,"_monsterinsights_skip_tracking":false,"_monsterinsights_sitenote_active":false,"_monsterinsights_sitenote_note":"","_monsterinsights_sitenote_category":0,"_uf_show_specific_survey":0,"_uf_disable_surveys":false,"footnotes":""},"categories":[13,8,12],"tags":[18,30],"class_list":["post-9239","post","type-post","status-publish","format-standard","has-post-thumbnail","hentry","category-nota-roja","category-politica","category-regional","tag-noticia","tag-plumazos"],"aioseo_notices":[],"_links":{"self":[{"href":"https:\/\/plumanegranoticias.com\/index.php?rest_route=\/wp\/v2\/posts\/9239","targetHints":{"allow":["GET"]}}],"collection":[{"href":"https:\/\/plumanegranoticias.com\/index.php?rest_route=\/wp\/v2\/posts"}],"about":[{"href":"https:\/\/plumanegranoticias.com\/index.php?rest_route=\/wp\/v2\/types\/post"}],"author":[{"embeddable":true,"href":"https:\/\/plumanegranoticias.com\/index.php?rest_route=\/wp\/v2\/users\/2"}],"replies":[{"embeddable":true,"href":"https:\/\/plumanegranoticias.com\/index.php?rest_route=%2Fwp%2Fv2%2Fcomments&post=9239"}],"version-history":[{"count":1,"href":"https:\/\/plumanegranoticias.com\/index.php?rest_route=\/wp\/v2\/posts\/9239\/revisions"}],"predecessor-version":[{"id":9240,"href":"https:\/\/plumanegranoticias.com\/index.php?rest_route=\/wp\/v2\/posts\/9239\/revisions\/9240"}],"wp:featuredmedia":[{"embeddable":true,"href":"https:\/\/plumanegranoticias.com\/index.php?rest_route=\/wp\/v2\/media\/9241"}],"wp:attachment":[{"href":"https:\/\/plumanegranoticias.com\/index.php?rest_route=%2Fwp%2Fv2%2Fmedia&parent=9239"}],"wp:term":[{"taxonomy":"category","embeddable":true,"href":"https:\/\/plumanegranoticias.com\/index.php?rest_route=%2Fwp%2Fv2%2Fcategories&post=9239"},{"taxonomy":"post_tag","embeddable":true,"href":"https:\/\/plumanegranoticias.com\/index.php?rest_route=%2Fwp%2Fv2%2Ftags&post=9239"}],"curies":[{"name":"wp","href":"https:\/\/api.w.org\/{rel}","templated":true}]}}