{"id":9254,"date":"2025-03-16T12:15:00","date_gmt":"2025-03-16T18:15:00","guid":{"rendered":"https:\/\/plumanegranoticias.com\/?p=9254"},"modified":"2025-03-16T12:15:42","modified_gmt":"2025-03-16T18:15:42","slug":"hallan-fosa-con-15-cuerpos-en-acultzingo","status":"publish","type":"post","link":"https:\/\/plumanegranoticias.com\/?p=9254","title":{"rendered":"HALLAN FOSA CON 15 CUERPOS EN ACULTZINGO"},"content":{"rendered":"\n<p>Acultzingo, Ver.- Autoridades ministeriales localizaron esta ma\u00f1ana una fosa clandestina en la comunidad de Atitla, municipio de Acultzingo en la zona de las Altas Monta\u00f1asde Veracruz, lo que desat\u00f3 un operativo de seguridad en la zona.<\/p>\n\n\n\n<p>De acuerdo con reportes extraoficiales, en este sitio se hallaron al menos 15 cuerpos, tanto de hombres como de mujeres. Se presume que el lugar fue utilizado como cementerio por un grupo delincuencial que operaba en la regi\u00f3n, presuntamente liderado por Roberto de los Santos de Jes\u00fas, alias El Bukanas.<\/p>\n\n\n\n<p>Las autoridades contin\u00faan con las investigaciones para identificar a las v\u00edctimas y determinar la magnitud del hallazgo. Se espera que en los pr\u00f3ximos d\u00edas se emitan informes oficiales sobre el caso.<\/p>\n\n\n\n<figure class=\"wp-block-image size-large\"><img loading=\"lazy\" decoding=\"async\" width=\"300\" height=\"169\" src=\"https:\/\/plumanegranoticias.com\/wp-content\/uploads\/2025\/03\/img-20250316-wa0030450684146383188144-300x169.jpg\" alt=\"\" class=\"wp-image-9252\" srcset=\"https:\/\/plumanegranoticias.com\/wp-content\/uploads\/2025\/03\/img-20250316-wa0030450684146383188144-300x169.jpg 300w, https:\/\/plumanegranoticias.com\/wp-content\/uploads\/2025\/03\/img-20250316-wa0030450684146383188144.jpg 640w\" sizes=\"auto, (max-width: 300px) 100vw, 300px\" \/><\/figure>\n\n\n\n<figure class=\"wp-block-image\"><img loading=\"lazy\" decoding=\"async\" width=\"196\" height=\"300\" src=\"https:\/\/plumanegranoticias.com\/wp-content\/uploads\/2025\/03\/img-20250316-wa00282893784091010231864-196x300.jpg\" alt=\"\" class=\"wp-image-9251\" srcset=\"https:\/\/plumanegranoticias.com\/wp-content\/uploads\/2025\/03\/img-20250316-wa00282893784091010231864-196x300.jpg 196w, https:\/\/plumanegranoticias.com\/wp-content\/uploads\/2025\/03\/img-20250316-wa00282893784091010231864.jpg 626w\" sizes=\"auto, (max-width: 196px) 100vw, 196px\" \/><\/figure>\n\n\n\n<figure class=\"wp-block-image\"><img loading=\"lazy\" decoding=\"async\" width=\"1024\" height=\"577\" src=\"https:\/\/plumanegranoticias.com\/wp-content\/uploads\/2025\/03\/img-20250316-wa00296302460978733852393-1024x577.jpg\" alt=\"\" class=\"wp-image-9250\" srcset=\"https:\/\/plumanegranoticias.com\/wp-content\/uploads\/2025\/03\/img-20250316-wa00296302460978733852393-1024x577.jpg 1024w, https:\/\/plumanegranoticias.com\/wp-content\/uploads\/2025\/03\/img-20250316-wa00296302460978733852393-300x169.jpg 300w, https:\/\/plumanegranoticias.com\/wp-content\/uploads\/2025\/03\/img-20250316-wa00296302460978733852393-768x433.jpg 768w, https:\/\/plumanegranoticias.com\/wp-content\/uploads\/2025\/03\/img-20250316-wa00296302460978733852393.jpg 1277w\" sizes=\"auto, (max-width: 1024px) 100vw, 1024px\" \/><\/figure>\n","protected":false},"excerpt":{"rendered":"<p>Acultzingo, Ver.- Autoridades ministeriales localizaron esta ma\u00f1ana una fosa clandestina en la comunidad de Atitla, municipio de Acultzingo en la zona de las Altas Monta\u00f1asde Veracruz, lo que desat\u00f3 un operativo de seguridad en la zona. De acuerdo con reportes extraoficiales, en este sitio se hallaron al menos 15 cuerpos, tanto de hombres como de&#8230; <\/p>\n<div class=\"clear\"><\/div>\n<p><a href=\"https:\/\/plumanegranoticias.com\/?p=9254\" class=\"excerpt-read-more\">Read More<i class=\"fa fa-caret-right icon-caret-right\"><\/i><\/a><\/p>\n","protected":false},"author":2,"featured_media":9253,"comment_status":"open","ping_status":"open","sticky":false,"template":"","format":"standard","meta":{"om_disable_all_campaigns":false,"_monsterinsights_skip_tracking":false,"_monsterinsights_sitenote_active":false,"_monsterinsights_sitenote_note":"","_monsterinsights_sitenote_category":0,"_uf_show_specific_survey":0,"_uf_disable_surveys":false,"footnotes":""},"categories":[13,67,8],"tags":[22,30],"class_list":["post-9254","post","type-post","status-publish","format-standard","has-post-thumbnail","hentry","category-nota-roja","category-policiaca","category-politica","tag-nota-roja","tag-plumazos"],"aioseo_notices":[],"_links":{"self":[{"href":"https:\/\/plumanegranoticias.com\/index.php?rest_route=\/wp\/v2\/posts\/9254","targetHints":{"allow":["GET"]}}],"collection":[{"href":"https:\/\/plumanegranoticias.com\/index.php?rest_route=\/wp\/v2\/posts"}],"about":[{"href":"https:\/\/plumanegranoticias.com\/index.php?rest_route=\/wp\/v2\/types\/post"}],"author":[{"embeddable":true,"href":"https:\/\/plumanegranoticias.com\/index.php?rest_route=\/wp\/v2\/users\/2"}],"replies":[{"embeddable":true,"href":"https:\/\/plumanegranoticias.com\/index.php?rest_route=%2Fwp%2Fv2%2Fcomments&post=9254"}],"version-history":[{"count":1,"href":"https:\/\/plumanegranoticias.com\/index.php?rest_route=\/wp\/v2\/posts\/9254\/revisions"}],"predecessor-version":[{"id":9255,"href":"https:\/\/plumanegranoticias.com\/index.php?rest_route=\/wp\/v2\/posts\/9254\/revisions\/9255"}],"wp:featuredmedia":[{"embeddable":true,"href":"https:\/\/plumanegranoticias.com\/index.php?rest_route=\/wp\/v2\/media\/9253"}],"wp:attachment":[{"href":"https:\/\/plumanegranoticias.com\/index.php?rest_route=%2Fwp%2Fv2%2Fmedia&parent=9254"}],"wp:term":[{"taxonomy":"category","embeddable":true,"href":"https:\/\/plumanegranoticias.com\/index.php?rest_route=%2Fwp%2Fv2%2Fcategories&post=9254"},{"taxonomy":"post_tag","embeddable":true,"href":"https:\/\/plumanegranoticias.com\/index.php?rest_route=%2Fwp%2Fv2%2Ftags&post=9254"}],"curies":[{"name":"wp","href":"https:\/\/api.w.org\/{rel}","templated":true}]}}