{"id":9265,"date":"2025-03-16T20:26:30","date_gmt":"2025-03-17T02:26:30","guid":{"rendered":"https:\/\/plumanegranoticias.com\/?p=9265"},"modified":"2025-03-16T20:26:50","modified_gmt":"2025-03-17T02:26:50","slug":"supervisa-siop-la-carretera-santiago-tuxtla-isla-para-su-rehabilitacion-en-proximos-dias-se-dara-banderazo-de-inicio-de-la-obra","status":"publish","type":"post","link":"https:\/\/plumanegranoticias.com\/?p=9265","title":{"rendered":"Supervisa SIOP la carretera Santiago Tuxtla \u2013 Isla para su rehabilitaci\u00f3n; en pr\u00f3ximos d\u00edas se dar\u00e1 banderazo de inicio de la obra"},"content":{"rendered":"\n<p><\/p>\n\n\n\n<ul class=\"wp-block-list\">\n<li>60 kil\u00f3metros ser\u00e1n rehabilitados, tal cual lo anunci\u00f3 la gobernadora.<\/li>\n<\/ul>\n\n\n\n<p>Armando Azamar | Santiago Tuxtla, Ver.-<\/p>\n\n\n\n<p>La rehabilitaci\u00f3n total de 60 kil\u00f3metros de la carretera Santiago Tuxtla \u2013 Isla ser\u00e1 una realidad, tal cual lo anunci\u00f3 la gobernadora Roc\u00edo Nahle Garc\u00eda, por lo que la Secretar\u00eda de Infraestructura y Obras P\u00fablicas (SIOP) ya ha iniciado con las debidas supervisiones en coordinaci\u00f3n con la empresa que estar\u00e1 a cargo de la obra, para que en pr\u00f3ximos d\u00edas se d\u00e9 el banderazo de inicio, expres\u00f3 la alcaldesa de Santiago Tuxtla, Kristel Hern\u00e1ndez Topete.<\/p>\n\n\n\n<p>\u201cLa gobernadora desde hace varios meses a venido anunciando esta carretera que es una de las obras prioritarias para este a\u00f1o de ejercicio, de antemano agradecerle infinitamente porque los trabajos est\u00e1n por iniciar, acudi\u00f3 SIOP con la empresa que estar\u00e1 a cargo, ha sido un sentir ciudadano que fue escuchado por la gobernadora, una servidora ha estado pendiente de este tema no de ahora, desde hace muchos a\u00f1os\u201d, dijo.<\/p>\n\n\n\n<p>Manifest\u00f3 que como alcaldesa ha venido trabajando en la gesti\u00f3n de esta importante obra a trav\u00e9s del gobierno del estado, y fue con el gobierno actual de la Ingeniero Roc\u00edo Nahle donde se tomaron en cuenta las diversas peticiones realizadas, que ser\u00e1 de gran beneficio para quienes a diario transitan por dicha v\u00eda de comunicaci\u00f3n que conecta a Santiago Tuxtla con Isla y otros municipios.<\/p>\n\n\n\n<p>\u201cCon la gobernadora me da mucho gusto que haya volteado a ver la situaci\u00f3n que tenemos no solo en Santiago Tuxtla sino de habitantes de otros municipios que transitan por esa carretera, yo creo que las mujeres siempre nos ponemos la mano en el coraz\u00f3n y sobre todo, tenemos ese sentimiento humano de decir, vamos a hacer esta obra porque es una necesidad\u201d, finaliz\u00f3.<\/p>\n\n\n\n<figure class=\"wp-block-image size-large\"><img loading=\"lazy\" decoding=\"async\" width=\"1024\" height=\"683\" src=\"https:\/\/plumanegranoticias.com\/wp-content\/uploads\/2025\/03\/img-20250316-wa00963956438339343507186-1024x683.jpg\" alt=\"\" class=\"wp-image-9264\" srcset=\"https:\/\/plumanegranoticias.com\/wp-content\/uploads\/2025\/03\/img-20250316-wa00963956438339343507186-1024x683.jpg 1024w, https:\/\/plumanegranoticias.com\/wp-content\/uploads\/2025\/03\/img-20250316-wa00963956438339343507186-300x200.jpg 300w, https:\/\/plumanegranoticias.com\/wp-content\/uploads\/2025\/03\/img-20250316-wa00963956438339343507186-768x512.jpg 768w, https:\/\/plumanegranoticias.com\/wp-content\/uploads\/2025\/03\/img-20250316-wa00963956438339343507186.jpg 1080w\" sizes=\"auto, (max-width: 1024px) 100vw, 1024px\" \/><\/figure>\n","protected":false},"excerpt":{"rendered":"<p>Armando Azamar | Santiago Tuxtla, Ver.- La rehabilitaci\u00f3n total de 60 kil\u00f3metros de la carretera Santiago Tuxtla \u2013 Isla ser\u00e1 una realidad, tal cual lo anunci\u00f3 la gobernadora Roc\u00edo Nahle Garc\u00eda, por lo que la Secretar\u00eda de Infraestructura y Obras P\u00fablicas (SIOP) ya ha iniciado con las debidas supervisiones en coordinaci\u00f3n con la empresa que&#8230; <\/p>\n<div class=\"clear\"><\/div>\n<p><a href=\"https:\/\/plumanegranoticias.com\/?p=9265\" class=\"excerpt-read-more\">Read More<i class=\"fa fa-caret-right icon-caret-right\"><\/i><\/a><\/p>\n","protected":false},"author":2,"featured_media":9267,"comment_status":"open","ping_status":"open","sticky":false,"template":"","format":"standard","meta":{"om_disable_all_campaigns":false,"_monsterinsights_skip_tracking":false,"_monsterinsights_sitenote_active":false,"_monsterinsights_sitenote_note":"","_monsterinsights_sitenote_category":0,"_uf_show_specific_survey":0,"_uf_disable_surveys":false,"footnotes":""},"categories":[8,12],"tags":[18,61,19],"class_list":["post-9265","post","type-post","status-publish","format-standard","has-post-thumbnail","hentry","category-politica","category-regional","tag-noticia","tag-politica","tag-regional"],"aioseo_notices":[],"_links":{"self":[{"href":"https:\/\/plumanegranoticias.com\/index.php?rest_route=\/wp\/v2\/posts\/9265","targetHints":{"allow":["GET"]}}],"collection":[{"href":"https:\/\/plumanegranoticias.com\/index.php?rest_route=\/wp\/v2\/posts"}],"about":[{"href":"https:\/\/plumanegranoticias.com\/index.php?rest_route=\/wp\/v2\/types\/post"}],"author":[{"embeddable":true,"href":"https:\/\/plumanegranoticias.com\/index.php?rest_route=\/wp\/v2\/users\/2"}],"replies":[{"embeddable":true,"href":"https:\/\/plumanegranoticias.com\/index.php?rest_route=%2Fwp%2Fv2%2Fcomments&post=9265"}],"version-history":[{"count":1,"href":"https:\/\/plumanegranoticias.com\/index.php?rest_route=\/wp\/v2\/posts\/9265\/revisions"}],"predecessor-version":[{"id":9266,"href":"https:\/\/plumanegranoticias.com\/index.php?rest_route=\/wp\/v2\/posts\/9265\/revisions\/9266"}],"wp:featuredmedia":[{"embeddable":true,"href":"https:\/\/plumanegranoticias.com\/index.php?rest_route=\/wp\/v2\/media\/9267"}],"wp:attachment":[{"href":"https:\/\/plumanegranoticias.com\/index.php?rest_route=%2Fwp%2Fv2%2Fmedia&parent=9265"}],"wp:term":[{"taxonomy":"category","embeddable":true,"href":"https:\/\/plumanegranoticias.com\/index.php?rest_route=%2Fwp%2Fv2%2Fcategories&post=9265"},{"taxonomy":"post_tag","embeddable":true,"href":"https:\/\/plumanegranoticias.com\/index.php?rest_route=%2Fwp%2Fv2%2Ftags&post=9265"}],"curies":[{"name":"wp","href":"https:\/\/api.w.org\/{rel}","templated":true}]}}