{"id":9269,"date":"2025-03-17T06:51:47","date_gmt":"2025-03-17T12:51:47","guid":{"rendered":"https:\/\/plumanegranoticias.com\/?p=9269"},"modified":"2025-03-17T06:52:08","modified_gmt":"2025-03-17T12:52:08","slug":"vinculados-a-proceso-policias-municipales-de-poza-rica-como-probables-responsables-del-delito-de-homicidio-doloso-calificado","status":"publish","type":"post","link":"https:\/\/plumanegranoticias.com\/?p=9269","title":{"rendered":"VINCULADOS A PROCESO POLIC\u00cdAS MUNICIPALES DE POZA RICA COMO PROBABLES RESPONSABLES DEL DELITO DE HOMICIDIO DOLOSO CALIFICADO"},"content":{"rendered":"\n<p class=\"MsoNormal\"><strong>Poza Rica, Ver., 17 de marzo del 2025.-<\/strong>La Fiscal\u00eda General del Estado, a trav\u00e9s de la Fiscal\u00eda Regional Tuxpan, obtuvo vinculaci\u00f3n a proceso en contra de Edgar Jes\u00fas \u201cN\u201d y \u00a0Yordanka Janeth \u201cN\u201d, quienes se desempe\u00f1aban como Polic\u00edas Municipales al momento de los hechos, como probables responsables del delito de homicidio doloso calificado, cometido en agravio de la v\u00edctima M.P.S., integrante de un Colectivo de b\u00fasqueda de Personas Desaparecidas en esta ciudad.<\/p>\n\n\n\n<p class=\"MsoNormal\">Los hechos ocurrieron el 9 de marzo del&nbsp; a\u00f1o en curso, cuando la v\u00edctima fue detenida por elementos de la polic\u00eda municipal para porteriormente ser trasladado a la comandancia de esta ciudad, donde fue presuntamente golpeado por Edgar Jes\u00fas \u201cN\u201d y &nbsp;Yordanka Janeth \u201cN. Un d\u00eda despu\u00e9s, tras su liberaci\u00f3n, se dirigi\u00f3 a su domicilio, donde perdi\u00f3 la vida a causa de las lesiones provocadas durante su detenci\u00f3n.<\/p>\n\n\n\n<p class=\"MsoNormal\">El juez ratific\u00f3 la medida cautelar de prisi\u00f3n preventiva oficiosa, dentro del proceso penal 66\/2025.<\/p>\n\n\n\n<figure class=\"wp-block-image size-large\"><img loading=\"lazy\" decoding=\"async\" width=\"300\" height=\"300\" src=\"https:\/\/plumanegranoticias.com\/wp-content\/uploads\/2025\/03\/img-20250317-wa00044449790080291589087-300x300.jpg\" alt=\"\" class=\"wp-image-9268\" srcset=\"https:\/\/plumanegranoticias.com\/wp-content\/uploads\/2025\/03\/img-20250317-wa00044449790080291589087-300x300.jpg 300w, https:\/\/plumanegranoticias.com\/wp-content\/uploads\/2025\/03\/img-20250317-wa00044449790080291589087-150x150.jpg 150w, https:\/\/plumanegranoticias.com\/wp-content\/uploads\/2025\/03\/img-20250317-wa00044449790080291589087-400x400.jpg 400w, https:\/\/plumanegranoticias.com\/wp-content\/uploads\/2025\/03\/img-20250317-wa00044449790080291589087.jpg 720w\" sizes=\"auto, (max-width: 300px) 100vw, 300px\" \/><\/figure>\n\n\n\n<figure class=\"wp-block-image\"><img decoding=\"async\" src=\"file:\/\/\/data\/user\/0\/com.microsoft.office.word\/files\/temp\/msohtmlclip\/clip_image002.png\" alt=\"\"\/><\/figure>\n\n\n\n<figure class=\"wp-block-image\"><img decoding=\"async\" src=\"file:\/\/\/data\/user\/0\/com.microsoft.office.word\/files\/temp\/msohtmlclip\/clip_image004.jpg\" alt=\"\"\/><\/figure>\n","protected":false},"excerpt":{"rendered":"<p>Poza Rica, Ver., 17 de marzo del 2025.-La Fiscal\u00eda General del Estado, a trav\u00e9s de la Fiscal\u00eda Regional Tuxpan, obtuvo vinculaci\u00f3n a proceso en contra de Edgar Jes\u00fas \u201cN\u201d y \u00a0Yordanka Janeth \u201cN\u201d, quienes se desempe\u00f1aban como Polic\u00edas Municipales al momento de los hechos, como probables responsables del delito de homicidio doloso calificado, cometido en&#8230; <\/p>\n<div class=\"clear\"><\/div>\n<p><a href=\"https:\/\/plumanegranoticias.com\/?p=9269\" class=\"excerpt-read-more\">Read More<i class=\"fa fa-caret-right icon-caret-right\"><\/i><\/a><\/p>\n","protected":false},"author":2,"featured_media":9271,"comment_status":"open","ping_status":"open","sticky":false,"template":"","format":"standard","meta":{"om_disable_all_campaigns":false,"_monsterinsights_skip_tracking":false,"_monsterinsights_sitenote_active":false,"_monsterinsights_sitenote_note":"","_monsterinsights_sitenote_category":0,"_uf_show_specific_survey":0,"_uf_disable_surveys":false,"footnotes":""},"categories":[67,8,12],"tags":[22,18],"class_list":["post-9269","post","type-post","status-publish","format-standard","has-post-thumbnail","hentry","category-policiaca","category-politica","category-regional","tag-nota-roja","tag-noticia"],"aioseo_notices":[],"_links":{"self":[{"href":"https:\/\/plumanegranoticias.com\/index.php?rest_route=\/wp\/v2\/posts\/9269","targetHints":{"allow":["GET"]}}],"collection":[{"href":"https:\/\/plumanegranoticias.com\/index.php?rest_route=\/wp\/v2\/posts"}],"about":[{"href":"https:\/\/plumanegranoticias.com\/index.php?rest_route=\/wp\/v2\/types\/post"}],"author":[{"embeddable":true,"href":"https:\/\/plumanegranoticias.com\/index.php?rest_route=\/wp\/v2\/users\/2"}],"replies":[{"embeddable":true,"href":"https:\/\/plumanegranoticias.com\/index.php?rest_route=%2Fwp%2Fv2%2Fcomments&post=9269"}],"version-history":[{"count":1,"href":"https:\/\/plumanegranoticias.com\/index.php?rest_route=\/wp\/v2\/posts\/9269\/revisions"}],"predecessor-version":[{"id":9270,"href":"https:\/\/plumanegranoticias.com\/index.php?rest_route=\/wp\/v2\/posts\/9269\/revisions\/9270"}],"wp:featuredmedia":[{"embeddable":true,"href":"https:\/\/plumanegranoticias.com\/index.php?rest_route=\/wp\/v2\/media\/9271"}],"wp:attachment":[{"href":"https:\/\/plumanegranoticias.com\/index.php?rest_route=%2Fwp%2Fv2%2Fmedia&parent=9269"}],"wp:term":[{"taxonomy":"category","embeddable":true,"href":"https:\/\/plumanegranoticias.com\/index.php?rest_route=%2Fwp%2Fv2%2Fcategories&post=9269"},{"taxonomy":"post_tag","embeddable":true,"href":"https:\/\/plumanegranoticias.com\/index.php?rest_route=%2Fwp%2Fv2%2Ftags&post=9269"}],"curies":[{"name":"wp","href":"https:\/\/api.w.org\/{rel}","templated":true}]}}