{"id":9292,"date":"2025-03-17T12:34:56","date_gmt":"2025-03-17T18:34:56","guid":{"rendered":"https:\/\/plumanegranoticias.com\/?p=9292"},"modified":"2025-03-17T12:35:45","modified_gmt":"2025-03-17T18:35:45","slug":"estudiantes-de-alvarado-buscan-apoyo-de-regidora-jarocha-para-entrar-a-la-uv","status":"publish","type":"post","link":"https:\/\/plumanegranoticias.com\/?p=9292","title":{"rendered":"Estudiantes de Alvarado buscan apoyo de regidora jarocha para entrar a la UV"},"content":{"rendered":"\n<p>Alejandro \u00c1vila<\/p>\n\n\n\n<p>Veracruz, Ver.- De cara al examen de admisi\u00f3n de la Universidad Veracruzana (UV) y Tecnol\u00f3gico de Veracruz (ITVER) 2025, j\u00f3venes Alvarado obtuvieron el apoyo de la regidora del Ayuntamiento de Veracruz, Lissethe Mart\u00ednez Echeverr\u00eda.<\/p>\n\n\n\n<p>Este proyecto que inici\u00f3 la edil de Morena desde hace 4 a\u00f1os ha roto r\u00e9cord de inscripciones en este 2025, pues casi 300 alumnos aprovechar\u00e1n los Cursos de Preparaci\u00f3n para el Examen de Admisi\u00f3n de Universidades P\u00fablicas.<\/p>\n\n\n\n<p>En entrevista, la regidora Lissethe Mart\u00ednez Echeverr\u00eda puntualiz\u00f3 que los cursos son totalmente gratuitos y ofertados para ayudar a las familias m\u00e1s vulnerables, aclarando que, los gastos los est\u00e1 cubriendo totalmente la edil con apoyo de instituciones educativas privadas.<\/p>\n\n\n\n<p>&#8220;Mayormente es del municipio de Veracruz, la verdad que s\u00ed, hay mucho inter\u00e9s de otros municipios en venir aqu\u00ed a aplicar este curso, sin embargo un 90 por ciento de los alumnos son de nuestro municipio de Veracruz (\u2026) aqu\u00ed no se le cierran las puertas a nadie, te puedo decir, cuando vienen de otros municipios a estudiar dentro del curso que estamos dando gratuito pues son bien recibidos, sin embargo, la econom\u00eda de estas familias para poder trasladarlos de otros municipios a veces es complicado y ellos son los que deciden el poder participar o no, aqu\u00ed no se le cierran las puertas y recibimos tambi\u00e9n alumnos de Alvarado&#8221;, expres\u00f3.<\/p>\n\n\n\n<figure class=\"wp-block-image size-large\"><img loading=\"lazy\" decoding=\"async\" width=\"1024\" height=\"768\" src=\"https:\/\/plumanegranoticias.com\/wp-content\/uploads\/2025\/03\/img-20250317-wa00736979115072104802745-1024x768.jpg\" alt=\"\" class=\"wp-image-9291\" srcset=\"https:\/\/plumanegranoticias.com\/wp-content\/uploads\/2025\/03\/img-20250317-wa00736979115072104802745-1024x768.jpg 1024w, https:\/\/plumanegranoticias.com\/wp-content\/uploads\/2025\/03\/img-20250317-wa00736979115072104802745-300x225.jpg 300w, https:\/\/plumanegranoticias.com\/wp-content\/uploads\/2025\/03\/img-20250317-wa00736979115072104802745-768x576.jpg 768w, https:\/\/plumanegranoticias.com\/wp-content\/uploads\/2025\/03\/img-20250317-wa00736979115072104802745-1536x1152.jpg 1536w, https:\/\/plumanegranoticias.com\/wp-content\/uploads\/2025\/03\/img-20250317-wa00736979115072104802745-400x300.jpg 400w, https:\/\/plumanegranoticias.com\/wp-content\/uploads\/2025\/03\/img-20250317-wa00736979115072104802745.jpg 2000w\" sizes=\"auto, (max-width: 1024px) 100vw, 1024px\" \/><\/figure>\n","protected":false},"excerpt":{"rendered":"<p>Alejandro \u00c1vila Veracruz, Ver.- De cara al examen de admisi\u00f3n de la Universidad Veracruzana (UV) y Tecnol\u00f3gico de Veracruz (ITVER) 2025, j\u00f3venes Alvarado obtuvieron el apoyo de la regidora del Ayuntamiento de Veracruz, Lissethe Mart\u00ednez Echeverr\u00eda. Este proyecto que inici\u00f3 la edil de Morena desde hace 4 a\u00f1os ha roto r\u00e9cord de inscripciones en este&#8230; <\/p>\n<div class=\"clear\"><\/div>\n<p><a href=\"https:\/\/plumanegranoticias.com\/?p=9292\" class=\"excerpt-read-more\">Read More<i class=\"fa fa-caret-right icon-caret-right\"><\/i><\/a><\/p>\n","protected":false},"author":2,"featured_media":9294,"comment_status":"open","ping_status":"open","sticky":false,"template":"","format":"standard","meta":{"om_disable_all_campaigns":false,"_monsterinsights_skip_tracking":false,"_monsterinsights_sitenote_active":false,"_monsterinsights_sitenote_note":"","_monsterinsights_sitenote_category":0,"_uf_show_specific_survey":0,"_uf_disable_surveys":false,"footnotes":""},"categories":[8,12],"tags":[61,19],"class_list":["post-9292","post","type-post","status-publish","format-standard","has-post-thumbnail","hentry","category-politica","category-regional","tag-politica","tag-regional"],"aioseo_notices":[],"_links":{"self":[{"href":"https:\/\/plumanegranoticias.com\/index.php?rest_route=\/wp\/v2\/posts\/9292","targetHints":{"allow":["GET"]}}],"collection":[{"href":"https:\/\/plumanegranoticias.com\/index.php?rest_route=\/wp\/v2\/posts"}],"about":[{"href":"https:\/\/plumanegranoticias.com\/index.php?rest_route=\/wp\/v2\/types\/post"}],"author":[{"embeddable":true,"href":"https:\/\/plumanegranoticias.com\/index.php?rest_route=\/wp\/v2\/users\/2"}],"replies":[{"embeddable":true,"href":"https:\/\/plumanegranoticias.com\/index.php?rest_route=%2Fwp%2Fv2%2Fcomments&post=9292"}],"version-history":[{"count":1,"href":"https:\/\/plumanegranoticias.com\/index.php?rest_route=\/wp\/v2\/posts\/9292\/revisions"}],"predecessor-version":[{"id":9293,"href":"https:\/\/plumanegranoticias.com\/index.php?rest_route=\/wp\/v2\/posts\/9292\/revisions\/9293"}],"wp:featuredmedia":[{"embeddable":true,"href":"https:\/\/plumanegranoticias.com\/index.php?rest_route=\/wp\/v2\/media\/9294"}],"wp:attachment":[{"href":"https:\/\/plumanegranoticias.com\/index.php?rest_route=%2Fwp%2Fv2%2Fmedia&parent=9292"}],"wp:term":[{"taxonomy":"category","embeddable":true,"href":"https:\/\/plumanegranoticias.com\/index.php?rest_route=%2Fwp%2Fv2%2Fcategories&post=9292"},{"taxonomy":"post_tag","embeddable":true,"href":"https:\/\/plumanegranoticias.com\/index.php?rest_route=%2Fwp%2Fv2%2Ftags&post=9292"}],"curies":[{"name":"wp","href":"https:\/\/api.w.org\/{rel}","templated":true}]}}