{"id":9485,"date":"2025-03-26T12:36:21","date_gmt":"2025-03-26T18:36:21","guid":{"rendered":"https:\/\/plumanegranoticias.com\/?p=9485"},"modified":"2025-03-26T12:37:13","modified_gmt":"2025-03-26T18:37:13","slug":"detectan-dos-brotes-de-rabia-paralitica-bovina-en-cotaxtla","status":"publish","type":"post","link":"https:\/\/plumanegranoticias.com\/?p=9485","title":{"rendered":"Detectan dos brotes de rabia paral\u00edtica bovina en Cotaxtla"},"content":{"rendered":"\n<p>Pedro Cruz.<\/p>\n\n\n\n<p>En los \u00faltimos 20 d\u00edas ganaderos de Cotaxtla, reportaron dos brotes de rabia paral\u00edtica bovina o derriengue, casos que fueron analizados cl\u00ednicamente y resultaron positivos por lo que la Asociaci\u00f3n Ganadera Local en coordinaci\u00f3n con el Comit\u00e9 Estatal de Fomento y Protecci\u00f3n Pecuaria (CEFPP) iniciar\u00e1n, en breve, una campa\u00f1a de vacunaci\u00f3n gratuita en un radio de diez kil\u00f3metros de los sitios afectados.<\/p>\n\n\n\n<p>Jos\u00e9 Jacobo Mu\u00f1iz Renteral, presidente de la Ganadera de Cotaxtla, inform\u00f3 que la rabia paral\u00edtica bovina es una enfermedad mortal, transmitida por el murci\u00e9lago hemat\u00f3fago, que afecta el sistema nervioso de los bovinos y otras especies ganaderas. Cotaxtla posee amplias zonas de cuevas y grutas donde anida el vampiro.<\/p>\n\n\n\n<p>Es una enfermedad zoon\u00f3tica, es decir, que puede transmitirse a los humanos por contacto con la saliva de los animales infectados. Este padecimiento en el ganado se transmite por mordeduras de animales infectados, heridas abiertas o membranas mucosas.<br \/>S\u00edntomas:<\/p>\n\n\n\n<ul class=\"wp-block-list\">\n<li>Inquietud<\/li>\n\n\n\n<li>Disminuci\u00f3n en el consumo de alimento y agua<\/li>\n\n\n\n<li>Ojos vidriosos o midriasis<\/li>\n\n\n\n<li>Aislamiento<\/li>\n\n\n\n<li>Salivaci\u00f3n excesiva<\/li>\n\n\n\n<li>Agresividad<\/li>\n\n\n\n<li>Dificultad para defecar<\/li>\n\n\n\n<li>Incoordinaci\u00f3n<\/li>\n\n\n\n<li>Par\u00e1lisis de las patas traseras<\/li>\n\n\n\n<li>Postraci\u00f3n de lado<\/li>\n<\/ul>\n\n\n\n<p>Adem\u00e1s del programa de vacunaci\u00f3n, Mu\u00f1iz Renteral, pidi\u00f3 a los ganaderos notificar oportunamente los casos y sospechas de rabia e implementar t\u00e9cnicas de control del murci\u00e9lagos hemat\u00f3fagos.<\/p>\n\n\n\n<p>Mu\u00f1iz Renteral con Pablo del Valle del Consejo de Vigilancia<\/p>\n\n\n\n<p><\/p>\n\n\n\n<figure class=\"wp-block-image size-large\"><img loading=\"lazy\" decoding=\"async\" width=\"1024\" height=\"768\" src=\"https:\/\/plumanegranoticias.com\/wp-content\/uploads\/2025\/03\/img-20250326-wa00915314966577266727215-1024x768.jpg\" alt=\"\" class=\"wp-image-9484\" srcset=\"https:\/\/plumanegranoticias.com\/wp-content\/uploads\/2025\/03\/img-20250326-wa00915314966577266727215-1024x768.jpg 1024w, https:\/\/plumanegranoticias.com\/wp-content\/uploads\/2025\/03\/img-20250326-wa00915314966577266727215-300x225.jpg 300w, https:\/\/plumanegranoticias.com\/wp-content\/uploads\/2025\/03\/img-20250326-wa00915314966577266727215-768x576.jpg 768w, https:\/\/plumanegranoticias.com\/wp-content\/uploads\/2025\/03\/img-20250326-wa00915314966577266727215-1536x1152.jpg 1536w, https:\/\/plumanegranoticias.com\/wp-content\/uploads\/2025\/03\/img-20250326-wa00915314966577266727215-400x300.jpg 400w, https:\/\/plumanegranoticias.com\/wp-content\/uploads\/2025\/03\/img-20250326-wa00915314966577266727215.jpg 2000w\" sizes=\"auto, (max-width: 1024px) 100vw, 1024px\" \/><\/figure>\n","protected":false},"excerpt":{"rendered":"<p>Pedro Cruz. En los \u00faltimos 20 d\u00edas ganaderos de Cotaxtla, reportaron dos brotes de rabia paral\u00edtica bovina o derriengue, casos que fueron analizados cl\u00ednicamente y resultaron positivos por lo que la Asociaci\u00f3n Ganadera Local en coordinaci\u00f3n con el Comit\u00e9 Estatal de Fomento y Protecci\u00f3n Pecuaria (CEFPP) iniciar\u00e1n, en breve, una campa\u00f1a de vacunaci\u00f3n gratuita en&#8230; <\/p>\n<div class=\"clear\"><\/div>\n<p><a href=\"https:\/\/plumanegranoticias.com\/?p=9485\" class=\"excerpt-read-more\">Read More<i class=\"fa fa-caret-right icon-caret-right\"><\/i><\/a><\/p>\n","protected":false},"author":2,"featured_media":9487,"comment_status":"open","ping_status":"open","sticky":false,"template":"","format":"standard","meta":{"om_disable_all_campaigns":false,"_monsterinsights_skip_tracking":false,"_monsterinsights_sitenote_active":false,"_monsterinsights_sitenote_note":"","_monsterinsights_sitenote_category":0,"_uf_show_specific_survey":0,"_uf_disable_surveys":false,"footnotes":""},"categories":[13,16,67,8],"tags":[35,22,18],"class_list":["post-9485","post","type-post","status-publish","format-standard","has-post-thumbnail","hentry","category-nota-roja","category-plumazos","category-policiaca","category-politica","tag-dinero","tag-nota-roja","tag-noticia"],"aioseo_notices":[],"_links":{"self":[{"href":"https:\/\/plumanegranoticias.com\/index.php?rest_route=\/wp\/v2\/posts\/9485","targetHints":{"allow":["GET"]}}],"collection":[{"href":"https:\/\/plumanegranoticias.com\/index.php?rest_route=\/wp\/v2\/posts"}],"about":[{"href":"https:\/\/plumanegranoticias.com\/index.php?rest_route=\/wp\/v2\/types\/post"}],"author":[{"embeddable":true,"href":"https:\/\/plumanegranoticias.com\/index.php?rest_route=\/wp\/v2\/users\/2"}],"replies":[{"embeddable":true,"href":"https:\/\/plumanegranoticias.com\/index.php?rest_route=%2Fwp%2Fv2%2Fcomments&post=9485"}],"version-history":[{"count":1,"href":"https:\/\/plumanegranoticias.com\/index.php?rest_route=\/wp\/v2\/posts\/9485\/revisions"}],"predecessor-version":[{"id":9486,"href":"https:\/\/plumanegranoticias.com\/index.php?rest_route=\/wp\/v2\/posts\/9485\/revisions\/9486"}],"wp:featuredmedia":[{"embeddable":true,"href":"https:\/\/plumanegranoticias.com\/index.php?rest_route=\/wp\/v2\/media\/9487"}],"wp:attachment":[{"href":"https:\/\/plumanegranoticias.com\/index.php?rest_route=%2Fwp%2Fv2%2Fmedia&parent=9485"}],"wp:term":[{"taxonomy":"category","embeddable":true,"href":"https:\/\/plumanegranoticias.com\/index.php?rest_route=%2Fwp%2Fv2%2Fcategories&post=9485"},{"taxonomy":"post_tag","embeddable":true,"href":"https:\/\/plumanegranoticias.com\/index.php?rest_route=%2Fwp%2Fv2%2Ftags&post=9485"}],"curies":[{"name":"wp","href":"https:\/\/api.w.org\/{rel}","templated":true}]}}