{"id":9491,"date":"2025-03-26T12:50:37","date_gmt":"2025-03-26T18:50:37","guid":{"rendered":"https:\/\/plumanegranoticias.com\/?p=9491"},"modified":"2025-03-26T12:51:03","modified_gmt":"2025-03-26T18:51:03","slug":"madres-buscadoras-realizan-jornada-en-huatusco-en-busca-de-la-nina-renata-y-otras-personas-desaparecidas","status":"publish","type":"post","link":"https:\/\/plumanegranoticias.com\/?p=9491","title":{"rendered":"Madres buscadoras realizan jornada en Huatusco en busca de la ni\u00f1a Renata y otras personas desaparecidas"},"content":{"rendered":"\n<p>Teo Gallardo Neva\/HuatuscoNoticias<\/p>\n\n\n\n<p>Huatusco, Ver. \u2013 En la Alameda Agust\u00edn Chicuellar, integrantes de los colectivos Unidas por Amor a Nuestros Desaparecidos y Busc\u00e1ndonos Encontramos C\u00f3rdoba llevaron a cabo una jornada de volanteo y difusi\u00f3n para localizar a la ni\u00f1a Renata Janeth Leal Cervantes, desaparecida en el 2011 junto con su familia en la zona de C\u00f3rdoba.<br \/>Olga Lidia Salazar Hern\u00e1ndez, representante de los colectivos, inform\u00f3 que Renata ten\u00eda solo 2 a\u00f1os cuando desapareci\u00f3 y hoy, en 2025, tendr\u00eda 15. La menor y su familia eran originarios de Sinaloa y se encontraban de vacaciones en Veracruz cuando fueron vistos por \u00faltima vez. En esa ocasi\u00f3n, tambi\u00e9n desaparecieron su madre Ilse Janeth Cervantes Preciado, su padre Jos\u00e9 Adalberto Leal Uribe y Jes\u00fas Ernesto Angulo Lugo.<\/p>\n\n\n\n<p>\u201cVenimos alrededor de 15 personas, acompa\u00f1ados por la Comisi\u00f3n de B\u00fasqueda de Veracruz y con resguardo de la Polic\u00eda Estatal. Estamos enfocados en la b\u00fasqueda de Renata y su familia, pero tambi\u00e9n de los nuestros. Yo busco a mi hija, Marion Iveth Sampayo Salazar, desaparecida el 14 de enero del 2011 en Poza Rica\u201d, expres\u00f3 Salazar Hern\u00e1ndez.<\/p>\n\n\n\n<p>Las buscadoras se\u00f1alaron que el n\u00famero de desaparecidos sigue en aumento en todo el pa\u00eds, y Veracruz es uno de los estados con mayor incidencia, destacando puntos cr\u00edticos como Tuxpan y Poza Rica.<\/p>\n\n\n\n<p>Adem\u00e1s del volanteo en Huatusco, la jornada continuar\u00e1 en Fort\u00edn, Yanga y Orizaba, con la esperanza de obtener informaci\u00f3n que ayude a dar con el paradero de sus seres queridos.<\/p>\n\n\n\n<figure class=\"wp-block-image size-large\"><img loading=\"lazy\" decoding=\"async\" width=\"1024\" height=\"768\" src=\"https:\/\/plumanegranoticias.com\/wp-content\/uploads\/2025\/03\/img-20250326-wa01128499706371969692926-1024x768.jpg\" alt=\"\" class=\"wp-image-9490\" srcset=\"https:\/\/plumanegranoticias.com\/wp-content\/uploads\/2025\/03\/img-20250326-wa01128499706371969692926-1024x768.jpg 1024w, https:\/\/plumanegranoticias.com\/wp-content\/uploads\/2025\/03\/img-20250326-wa01128499706371969692926-300x225.jpg 300w, https:\/\/plumanegranoticias.com\/wp-content\/uploads\/2025\/03\/img-20250326-wa01128499706371969692926-768x576.jpg 768w, https:\/\/plumanegranoticias.com\/wp-content\/uploads\/2025\/03\/img-20250326-wa01128499706371969692926-1536x1152.jpg 1536w, https:\/\/plumanegranoticias.com\/wp-content\/uploads\/2025\/03\/img-20250326-wa01128499706371969692926-400x300.jpg 400w, https:\/\/plumanegranoticias.com\/wp-content\/uploads\/2025\/03\/img-20250326-wa01128499706371969692926.jpg 1600w\" sizes=\"auto, (max-width: 1024px) 100vw, 1024px\" \/><\/figure>\n\n\n\n<figure class=\"wp-block-image\"><img loading=\"lazy\" decoding=\"async\" width=\"1024\" height=\"768\" src=\"https:\/\/plumanegranoticias.com\/wp-content\/uploads\/2025\/03\/img-20250326-wa01232808960582018402123-1024x768.jpg\" alt=\"\" class=\"wp-image-9489\" srcset=\"https:\/\/plumanegranoticias.com\/wp-content\/uploads\/2025\/03\/img-20250326-wa01232808960582018402123-1024x768.jpg 1024w, https:\/\/plumanegranoticias.com\/wp-content\/uploads\/2025\/03\/img-20250326-wa01232808960582018402123-300x225.jpg 300w, https:\/\/plumanegranoticias.com\/wp-content\/uploads\/2025\/03\/img-20250326-wa01232808960582018402123-768x576.jpg 768w, https:\/\/plumanegranoticias.com\/wp-content\/uploads\/2025\/03\/img-20250326-wa01232808960582018402123-1536x1152.jpg 1536w, https:\/\/plumanegranoticias.com\/wp-content\/uploads\/2025\/03\/img-20250326-wa01232808960582018402123-400x300.jpg 400w, https:\/\/plumanegranoticias.com\/wp-content\/uploads\/2025\/03\/img-20250326-wa01232808960582018402123.jpg 1600w\" sizes=\"auto, (max-width: 1024px) 100vw, 1024px\" \/><\/figure>\n\n\n\n<figure class=\"wp-block-image\"><img loading=\"lazy\" decoding=\"async\" width=\"1024\" height=\"768\" src=\"https:\/\/plumanegranoticias.com\/wp-content\/uploads\/2025\/03\/img-20250326-wa01115229202131036540049-1024x768.jpg\" alt=\"\" class=\"wp-image-9488\" srcset=\"https:\/\/plumanegranoticias.com\/wp-content\/uploads\/2025\/03\/img-20250326-wa01115229202131036540049-1024x768.jpg 1024w, https:\/\/plumanegranoticias.com\/wp-content\/uploads\/2025\/03\/img-20250326-wa01115229202131036540049-300x225.jpg 300w, https:\/\/plumanegranoticias.com\/wp-content\/uploads\/2025\/03\/img-20250326-wa01115229202131036540049-768x576.jpg 768w, https:\/\/plumanegranoticias.com\/wp-content\/uploads\/2025\/03\/img-20250326-wa01115229202131036540049-1536x1152.jpg 1536w, https:\/\/plumanegranoticias.com\/wp-content\/uploads\/2025\/03\/img-20250326-wa01115229202131036540049-400x300.jpg 400w, https:\/\/plumanegranoticias.com\/wp-content\/uploads\/2025\/03\/img-20250326-wa01115229202131036540049.jpg 1600w\" sizes=\"auto, (max-width: 1024px) 100vw, 1024px\" \/><\/figure>\n","protected":false},"excerpt":{"rendered":"<p>Teo Gallardo Neva\/HuatuscoNoticias Huatusco, Ver. \u2013 En la Alameda Agust\u00edn Chicuellar, integrantes de los colectivos Unidas por Amor a Nuestros Desaparecidos y Busc\u00e1ndonos Encontramos C\u00f3rdoba llevaron a cabo una jornada de volanteo y difusi\u00f3n para localizar a la ni\u00f1a Renata Janeth Leal Cervantes, desaparecida en el 2011 junto con su familia en la zona de&#8230; <\/p>\n<div class=\"clear\"><\/div>\n<p><a href=\"https:\/\/plumanegranoticias.com\/?p=9491\" class=\"excerpt-read-more\">Read More<i class=\"fa fa-caret-right icon-caret-right\"><\/i><\/a><\/p>\n","protected":false},"author":2,"featured_media":9493,"comment_status":"open","ping_status":"open","sticky":false,"template":"","format":"standard","meta":{"om_disable_all_campaigns":false,"_monsterinsights_skip_tracking":false,"_monsterinsights_sitenote_active":false,"_monsterinsights_sitenote_note":"","_monsterinsights_sitenote_category":0,"_uf_show_specific_survey":0,"_uf_disable_surveys":false,"footnotes":""},"categories":[67,8,12],"tags":[22,18,30],"class_list":["post-9491","post","type-post","status-publish","format-standard","has-post-thumbnail","hentry","category-policiaca","category-politica","category-regional","tag-nota-roja","tag-noticia","tag-plumazos"],"aioseo_notices":[],"_links":{"self":[{"href":"https:\/\/plumanegranoticias.com\/index.php?rest_route=\/wp\/v2\/posts\/9491","targetHints":{"allow":["GET"]}}],"collection":[{"href":"https:\/\/plumanegranoticias.com\/index.php?rest_route=\/wp\/v2\/posts"}],"about":[{"href":"https:\/\/plumanegranoticias.com\/index.php?rest_route=\/wp\/v2\/types\/post"}],"author":[{"embeddable":true,"href":"https:\/\/plumanegranoticias.com\/index.php?rest_route=\/wp\/v2\/users\/2"}],"replies":[{"embeddable":true,"href":"https:\/\/plumanegranoticias.com\/index.php?rest_route=%2Fwp%2Fv2%2Fcomments&post=9491"}],"version-history":[{"count":1,"href":"https:\/\/plumanegranoticias.com\/index.php?rest_route=\/wp\/v2\/posts\/9491\/revisions"}],"predecessor-version":[{"id":9492,"href":"https:\/\/plumanegranoticias.com\/index.php?rest_route=\/wp\/v2\/posts\/9491\/revisions\/9492"}],"wp:featuredmedia":[{"embeddable":true,"href":"https:\/\/plumanegranoticias.com\/index.php?rest_route=\/wp\/v2\/media\/9493"}],"wp:attachment":[{"href":"https:\/\/plumanegranoticias.com\/index.php?rest_route=%2Fwp%2Fv2%2Fmedia&parent=9491"}],"wp:term":[{"taxonomy":"category","embeddable":true,"href":"https:\/\/plumanegranoticias.com\/index.php?rest_route=%2Fwp%2Fv2%2Fcategories&post=9491"},{"taxonomy":"post_tag","embeddable":true,"href":"https:\/\/plumanegranoticias.com\/index.php?rest_route=%2Fwp%2Fv2%2Ftags&post=9491"}],"curies":[{"name":"wp","href":"https:\/\/api.w.org\/{rel}","templated":true}]}}