{"id":9496,"date":"2025-03-26T14:32:39","date_gmt":"2025-03-26T20:32:39","guid":{"rendered":"https:\/\/plumanegranoticias.com\/?p=9496"},"modified":"2025-03-26T14:33:31","modified_gmt":"2025-03-26T20:33:31","slug":"emboscan-a-policias-matan-a-uno-y-lesionan-a-dos","status":"publish","type":"post","link":"https:\/\/plumanegranoticias.com\/?p=9496","title":{"rendered":"EMBOSCAN A POLIC\u00cdAS, MATAN A UNO Y LESIONAN A DOS"},"content":{"rendered":"\n<p>Un polic\u00eda estatal fallecido y dos lesionados es el resultado de un ataque de un comando armado a patrullas de la Secretar\u00eda de Seguridad P\u00fablica del Estado de Veracruz.<\/p>\n\n\n\n<p>Los hechos se registraron al medio d\u00eda de este mi\u00e9rcoles sobre la autopista Nautla- Veracruz, en el tramo Vega de la Torre y Emilio Carranza.<\/p>\n\n\n\n<p>La informaci\u00f3n en proceso indica que presuntamente desconocidos armados a bordo de dos camionetas emboscaron a patrullas de la SSP de Veracruz, en un intercambio de disparos que tard\u00f3 varios minutos y que dejo como saldo un polic\u00eda ca\u00eddos y dos heridos.<\/p>\n\n\n\n<figure class=\"wp-block-image size-large\"><img loading=\"lazy\" decoding=\"async\" width=\"210\" height=\"300\" src=\"https:\/\/plumanegranoticias.com\/wp-content\/uploads\/2025\/03\/img-20250326-wa01865940477502114634651-210x300.jpg\" alt=\"\" class=\"wp-image-9495\" srcset=\"https:\/\/plumanegranoticias.com\/wp-content\/uploads\/2025\/03\/img-20250326-wa01865940477502114634651-210x300.jpg 210w, https:\/\/plumanegranoticias.com\/wp-content\/uploads\/2025\/03\/img-20250326-wa01865940477502114634651.jpg 719w\" sizes=\"auto, (max-width: 210px) 100vw, 210px\" \/><\/figure>\n\n\n\n<figure class=\"wp-block-image\"><img loading=\"lazy\" decoding=\"async\" width=\"225\" height=\"300\" src=\"https:\/\/plumanegranoticias.com\/wp-content\/uploads\/2025\/03\/img-20250326-wa01856445407856672769239-225x300.jpg\" alt=\"\" class=\"wp-image-9494\" srcset=\"https:\/\/plumanegranoticias.com\/wp-content\/uploads\/2025\/03\/img-20250326-wa01856445407856672769239-225x300.jpg 225w, https:\/\/plumanegranoticias.com\/wp-content\/uploads\/2025\/03\/img-20250326-wa01856445407856672769239.jpg 720w\" sizes=\"auto, (max-width: 225px) 100vw, 225px\" \/><\/figure>\n","protected":false},"excerpt":{"rendered":"<p>Un polic\u00eda estatal fallecido y dos lesionados es el resultado de un ataque de un comando armado a patrullas de la Secretar\u00eda de Seguridad P\u00fablica del Estado de Veracruz. Los hechos se registraron al medio d\u00eda de este mi\u00e9rcoles sobre la autopista Nautla- Veracruz, en el tramo Vega de la Torre y Emilio Carranza. La&#8230; <\/p>\n<div class=\"clear\"><\/div>\n<p><a href=\"https:\/\/plumanegranoticias.com\/?p=9496\" class=\"excerpt-read-more\">Read More<i class=\"fa fa-caret-right icon-caret-right\"><\/i><\/a><\/p>\n","protected":false},"author":2,"featured_media":9498,"comment_status":"open","ping_status":"open","sticky":false,"template":"","format":"standard","meta":{"om_disable_all_campaigns":false,"_monsterinsights_skip_tracking":false,"_monsterinsights_sitenote_active":false,"_monsterinsights_sitenote_note":"","_monsterinsights_sitenote_category":0,"_uf_show_specific_survey":0,"_uf_disable_surveys":false,"footnotes":""},"categories":[1,8,12,11],"tags":[22,18,30],"class_list":["post-9496","post","type-post","status-publish","format-standard","has-post-thumbnail","hentry","category-blog","category-politica","category-regional","category-reporte-ciudadano","tag-nota-roja","tag-noticia","tag-plumazos"],"aioseo_notices":[],"_links":{"self":[{"href":"https:\/\/plumanegranoticias.com\/index.php?rest_route=\/wp\/v2\/posts\/9496","targetHints":{"allow":["GET"]}}],"collection":[{"href":"https:\/\/plumanegranoticias.com\/index.php?rest_route=\/wp\/v2\/posts"}],"about":[{"href":"https:\/\/plumanegranoticias.com\/index.php?rest_route=\/wp\/v2\/types\/post"}],"author":[{"embeddable":true,"href":"https:\/\/plumanegranoticias.com\/index.php?rest_route=\/wp\/v2\/users\/2"}],"replies":[{"embeddable":true,"href":"https:\/\/plumanegranoticias.com\/index.php?rest_route=%2Fwp%2Fv2%2Fcomments&post=9496"}],"version-history":[{"count":1,"href":"https:\/\/plumanegranoticias.com\/index.php?rest_route=\/wp\/v2\/posts\/9496\/revisions"}],"predecessor-version":[{"id":9497,"href":"https:\/\/plumanegranoticias.com\/index.php?rest_route=\/wp\/v2\/posts\/9496\/revisions\/9497"}],"wp:featuredmedia":[{"embeddable":true,"href":"https:\/\/plumanegranoticias.com\/index.php?rest_route=\/wp\/v2\/media\/9498"}],"wp:attachment":[{"href":"https:\/\/plumanegranoticias.com\/index.php?rest_route=%2Fwp%2Fv2%2Fmedia&parent=9496"}],"wp:term":[{"taxonomy":"category","embeddable":true,"href":"https:\/\/plumanegranoticias.com\/index.php?rest_route=%2Fwp%2Fv2%2Fcategories&post=9496"},{"taxonomy":"post_tag","embeddable":true,"href":"https:\/\/plumanegranoticias.com\/index.php?rest_route=%2Fwp%2Fv2%2Ftags&post=9496"}],"curies":[{"name":"wp","href":"https:\/\/api.w.org\/{rel}","templated":true}]}}