{"id":9540,"date":"2025-03-28T13:10:18","date_gmt":"2025-03-28T19:10:18","guid":{"rendered":"https:\/\/plumanegranoticias.com\/?p=9540"},"modified":"2025-03-28T13:10:47","modified_gmt":"2025-03-28T19:10:47","slug":"rendir-cuentas-es-un-acto-de-absoluta-conciencia-del-deber-sindicalista-levet","status":"publish","type":"post","link":"https:\/\/plumanegranoticias.com\/?p=9540","title":{"rendered":"Rendir cuentas es un acto de absoluta conciencia del deber sindicalista: Levet"},"content":{"rendered":"\n<p><em>Festejar\u00e1n 50 a\u00f1os del Fesapauv en 2026<\/em><\/p>\n\n\n\n<p><em>Boca del R\u00edo, Ver., 28 de marzo de 2025<\/em>.- La rendici\u00f3n de cuentas es un acto de &#8220;absoluta conciencia del deber ser sindicalista&#8221;.<\/p>\n\n\n\n<p>As\u00ed lo expres\u00f3 el secretario general del Sindicato Estatal del Personal Acad\u00e9mico de la Universidad Veracruzana (Fesapauv), Enrique Levet Gorozpe, durante su Informe General y de Finanzas.<\/p>\n\n\n\n<p>&#8220;Por eso tenemos que entregar a ustedes, que son la autoridad m\u00e1xima, la Asamblea, las actividades que hemos realizado, para que eval\u00faen y tengan presente el trabajo que realiza el Comit\u00e9 Ejecutivo Estatal, los comit\u00e9s regionales y toda la estructura s\u00f3lida a lo largo y ancho del Estado&#8221;, asever\u00f3.<\/p>\n\n\n\n<p>Acompa\u00f1ado del rector Mart\u00edn Aguilar S\u00e1nchez, el secretario del Trabajo, Luis Arturo Santiago, el director del IPE, Octavio Hern\u00e1ndez Lara y, del director del Seguro del Magisterio, Tom\u00e1s Daniel Hern\u00e1ndez; reconoci\u00f3 la labor del Comit\u00e9 Estatal y de toda sus estructuras.<\/p>\n\n\n\n<p>&#8220;Para mantener la fuerza de un sindicato tan importante como el nuestro, se necesita trabajar y entregar resultados, adem\u00e1s de atender a todos y cada uno de los acad\u00e9micos de la UV&#8221;, afirm\u00f3.<\/p>\n\n\n\n<p>Levet Gorozpe expres\u00f3 que como organizaci\u00f3n acad\u00e9mica les ha interesado elevar el nivel y la superaci\u00f3n de todos los agremiados, porque son trabajadores de la UV y por tanto, la Casa de Estudios necesita a los acad\u00e9micos, que son el &#8220;motor que hace vibrar a la Universidad y el coraz\u00f3n que palpita para que la Universidad sea de primer nivel&#8221;.<\/p>\n\n\n\n<p>Para lo cual todos y cada uno de los que conforman el Sindicato deben capacitarse de manera constante.<\/p>\n\n\n\n<p>&#8220;Para que tengamos docentes e investigadores de primer nivel con proyectos de investigaci\u00f3n importantes para la sociedad. Tenemos que darle respuestas a la sociedad, que sean que su universidad est\u00e1 impulsando el progreso en la sociedad, en el Estado&#8221;, enfatiz\u00f3.<\/p>\n\n\n\n<p>Por otra parte, Levet Gorozpe anunci\u00f3 que este a\u00f1o se formar\u00e1 una comisi\u00f3n de agremiados para organizar los festejos por el 50 aniversario del Fesapauv.<\/p>\n\n\n\n<p>&#8220;Ya nuestro sindicato no es menor de edad, ya nuestro sindicato tiene madurez y tiene probada experiencia en la soluci\u00f3n de los problemas&#8221;, resalt\u00f3.<\/p>\n\n\n\n<p>Asimismo, coment\u00f3 que el 1 de Mayo, D\u00eda del Trabajo, es la oportunidad para que el gremio presente sus demandas y reclamos a las autoridades estatales.<\/p>\n\n\n\n<p>&#8220;Ya casi son 3 mil\u2026 para que se expresen libremente como quieran, dentro del marco del respeto como trabajadores universitarios debemos tener&#8221;, dijo.<\/p>\n\n\n\n<p>Enrique Levet mencion\u00f3 que el Fesapauv se ha plantado a nivel nacional como la figura que impulsa la ruta m\u00e1s importante para las acciones del sindicalismo universitario.<\/p>\n\n\n\n<p>En ese sentido, subray\u00f3 que la Confederaci\u00f3n Nacional de Trabajadores Universitarios (CONTU), de la cual tambi\u00e9n es secretario general; se adhiri\u00f3 a la Confederaci\u00f3n de los Trabajadores y las Trabajadoras de las Universidades de las Am\u00e9ricas (CONTUA).<\/p>\n\n\n\n<p>Desde ah\u00ed, buscar\u00e1n conocer cu\u00e1les son los asuntos m\u00e1s importantes de las universidades p\u00fablicas del Pa\u00eds y de otras naciones.<\/p>\n\n\n\n<p>Aunque reconoci\u00f3 que las problem\u00e1ticas son muy parecidas, por lo que compartir\u00e1n las acciones que se emprenden para buscar las soluciones a las problem\u00e1ticas de los trabajadores.<\/p>\n\n\n\n<figure class=\"wp-block-image size-large\"><img loading=\"lazy\" decoding=\"async\" width=\"1024\" height=\"768\" src=\"https:\/\/plumanegranoticias.com\/wp-content\/uploads\/2025\/03\/img-20250328-wa00878619757451228848260-1024x768.jpg\" alt=\"\" class=\"wp-image-9539\" srcset=\"https:\/\/plumanegranoticias.com\/wp-content\/uploads\/2025\/03\/img-20250328-wa00878619757451228848260-1024x768.jpg 1024w, https:\/\/plumanegranoticias.com\/wp-content\/uploads\/2025\/03\/img-20250328-wa00878619757451228848260-300x225.jpg 300w, https:\/\/plumanegranoticias.com\/wp-content\/uploads\/2025\/03\/img-20250328-wa00878619757451228848260-768x576.jpg 768w, https:\/\/plumanegranoticias.com\/wp-content\/uploads\/2025\/03\/img-20250328-wa00878619757451228848260-400x300.jpg 400w, https:\/\/plumanegranoticias.com\/wp-content\/uploads\/2025\/03\/img-20250328-wa00878619757451228848260.jpg 1280w\" sizes=\"auto, (max-width: 1024px) 100vw, 1024px\" \/><\/figure>\n\n\n\n<figure class=\"wp-block-image\"><img loading=\"lazy\" decoding=\"async\" width=\"1024\" height=\"768\" src=\"https:\/\/plumanegranoticias.com\/wp-content\/uploads\/2025\/03\/img-20250328-wa00851534892832699232247-1024x768.jpg\" alt=\"\" class=\"wp-image-9537\" srcset=\"https:\/\/plumanegranoticias.com\/wp-content\/uploads\/2025\/03\/img-20250328-wa00851534892832699232247-1024x768.jpg 1024w, https:\/\/plumanegranoticias.com\/wp-content\/uploads\/2025\/03\/img-20250328-wa00851534892832699232247-300x225.jpg 300w, https:\/\/plumanegranoticias.com\/wp-content\/uploads\/2025\/03\/img-20250328-wa00851534892832699232247-768x576.jpg 768w, https:\/\/plumanegranoticias.com\/wp-content\/uploads\/2025\/03\/img-20250328-wa00851534892832699232247-400x300.jpg 400w, https:\/\/plumanegranoticias.com\/wp-content\/uploads\/2025\/03\/img-20250328-wa00851534892832699232247.jpg 1280w\" sizes=\"auto, (max-width: 1024px) 100vw, 1024px\" \/><\/figure>\n\n\n\n<figure class=\"wp-block-image\"><img loading=\"lazy\" decoding=\"async\" width=\"1024\" height=\"768\" src=\"https:\/\/plumanegranoticias.com\/wp-content\/uploads\/2025\/03\/img-20250328-wa0086949490507016535628-1024x768.jpg\" alt=\"\" class=\"wp-image-9538\" srcset=\"https:\/\/plumanegranoticias.com\/wp-content\/uploads\/2025\/03\/img-20250328-wa0086949490507016535628-1024x768.jpg 1024w, https:\/\/plumanegranoticias.com\/wp-content\/uploads\/2025\/03\/img-20250328-wa0086949490507016535628-300x225.jpg 300w, https:\/\/plumanegranoticias.com\/wp-content\/uploads\/2025\/03\/img-20250328-wa0086949490507016535628-768x576.jpg 768w, https:\/\/plumanegranoticias.com\/wp-content\/uploads\/2025\/03\/img-20250328-wa0086949490507016535628-400x300.jpg 400w, https:\/\/plumanegranoticias.com\/wp-content\/uploads\/2025\/03\/img-20250328-wa0086949490507016535628.jpg 1280w\" sizes=\"auto, (max-width: 1024px) 100vw, 1024px\" \/><\/figure>\n","protected":false},"excerpt":{"rendered":"<p>Festejar\u00e1n 50 a\u00f1os del Fesapauv en 2026 Boca del R\u00edo, Ver., 28 de marzo de 2025.- La rendici\u00f3n de cuentas es un acto de &#8220;absoluta conciencia del deber ser sindicalista&#8221;. As\u00ed lo expres\u00f3 el secretario general del Sindicato Estatal del Personal Acad\u00e9mico de la Universidad Veracruzana (Fesapauv), Enrique Levet Gorozpe, durante su Informe General y&#8230; <\/p>\n<div class=\"clear\"><\/div>\n<p><a href=\"https:\/\/plumanegranoticias.com\/?p=9540\" class=\"excerpt-read-more\">Read More<i class=\"fa fa-caret-right icon-caret-right\"><\/i><\/a><\/p>\n","protected":false},"author":2,"featured_media":9542,"comment_status":"open","ping_status":"open","sticky":false,"template":"","format":"standard","meta":{"om_disable_all_campaigns":false,"_monsterinsights_skip_tracking":false,"_monsterinsights_sitenote_active":false,"_monsterinsights_sitenote_note":"","_monsterinsights_sitenote_category":0,"_uf_show_specific_survey":0,"_uf_disable_surveys":false,"footnotes":""},"categories":[8,12],"tags":[28,20,18,30],"class_list":["post-9540","post","type-post","status-publish","format-standard","has-post-thumbnail","hentry","category-politica","category-regional","tag-nacionales","tag-negocios","tag-noticia","tag-plumazos"],"aioseo_notices":[],"_links":{"self":[{"href":"https:\/\/plumanegranoticias.com\/index.php?rest_route=\/wp\/v2\/posts\/9540","targetHints":{"allow":["GET"]}}],"collection":[{"href":"https:\/\/plumanegranoticias.com\/index.php?rest_route=\/wp\/v2\/posts"}],"about":[{"href":"https:\/\/plumanegranoticias.com\/index.php?rest_route=\/wp\/v2\/types\/post"}],"author":[{"embeddable":true,"href":"https:\/\/plumanegranoticias.com\/index.php?rest_route=\/wp\/v2\/users\/2"}],"replies":[{"embeddable":true,"href":"https:\/\/plumanegranoticias.com\/index.php?rest_route=%2Fwp%2Fv2%2Fcomments&post=9540"}],"version-history":[{"count":1,"href":"https:\/\/plumanegranoticias.com\/index.php?rest_route=\/wp\/v2\/posts\/9540\/revisions"}],"predecessor-version":[{"id":9541,"href":"https:\/\/plumanegranoticias.com\/index.php?rest_route=\/wp\/v2\/posts\/9540\/revisions\/9541"}],"wp:featuredmedia":[{"embeddable":true,"href":"https:\/\/plumanegranoticias.com\/index.php?rest_route=\/wp\/v2\/media\/9542"}],"wp:attachment":[{"href":"https:\/\/plumanegranoticias.com\/index.php?rest_route=%2Fwp%2Fv2%2Fmedia&parent=9540"}],"wp:term":[{"taxonomy":"category","embeddable":true,"href":"https:\/\/plumanegranoticias.com\/index.php?rest_route=%2Fwp%2Fv2%2Fcategories&post=9540"},{"taxonomy":"post_tag","embeddable":true,"href":"https:\/\/plumanegranoticias.com\/index.php?rest_route=%2Fwp%2Fv2%2Ftags&post=9540"}],"curies":[{"name":"wp","href":"https:\/\/api.w.org\/{rel}","templated":true}]}}