{"id":9544,"date":"2025-03-29T10:46:50","date_gmt":"2025-03-29T16:46:50","guid":{"rendered":"https:\/\/plumanegranoticias.com\/?p=9544"},"modified":"2025-03-29T10:51:01","modified_gmt":"2025-03-29T16:51:01","slug":"oficial-eduardo-gonzalez-candidato-morena-verde-en-tierra-blanca","status":"publish","type":"post","link":"https:\/\/plumanegranoticias.com\/?p=9544","title":{"rendered":"OFICIAL EDUARDO GONZ\u00c1LEZ CANDIDATO MORENA-VERDE EN TIERRA BLANCA"},"content":{"rendered":"\n<p class=\"MsoNormal\">El abogado Edwing Eduardo Gonz\u00e1lez Fern\u00e1ndez recibi\u00f3 el nombramiento como Promotor de la 4T en Tierra Blanca y ser\u00e1 el candidato de la alianza Morena-Partido Verde a la Presidencia Municipal de Tierra Blanca en la elecci\u00f3n del 1 de junio.<\/p>\n\n\n\n<p class=\"MsoNormal\">Es abogado de Profesi\u00f3n con maestr\u00eda en Derecho Penal y T\u00e9cnicas de Litigaci\u00f3n Oral por la Universidad Crist\u00f3bal Col\u00f3n de Veracruz y ha ocupado el cargo de Secretario del Ayuntamiento de Tierra Blanca.<\/p>\n\n\n\n<p class=\"MsoNormal\">En el Movimiento de Regeneraci\u00f3n Nacional se afili\u00f3 a\u00fan en sin ser mayor de edad y su militancia lo llev\u00f3 a ser representante de Morena en los consejos municipales de Veracruz y Tierra Blanca; Adem\u00e1s es un reconocido activista en la regi\u00f3n de la Cuenca del Papaloapan.<\/p>\n\n\n\n<p>El jueves pasado Eduardo Gonz\u00e1lez recibi\u00f3 el nombramiento como Promotor de la 4T en Tierra Blanca que coloca como virtual candidato a la alcald\u00eda de su natal pueblo.<\/p>\n\n\n\n<p class=\"MsoNormal\">&nbsp;<\/p>\n\n\n\n<figure class=\"wp-block-image size-large\"><img loading=\"lazy\" decoding=\"async\" width=\"768\" height=\"1024\" src=\"https:\/\/plumanegranoticias.com\/wp-content\/uploads\/2025\/03\/fb_img_17432663317053977628876762607550-768x1024.jpg\" alt=\"\" class=\"wp-image-9543\" srcset=\"https:\/\/plumanegranoticias.com\/wp-content\/uploads\/2025\/03\/fb_img_17432663317053977628876762607550-768x1024.jpg 768w, https:\/\/plumanegranoticias.com\/wp-content\/uploads\/2025\/03\/fb_img_17432663317053977628876762607550-225x300.jpg 225w, https:\/\/plumanegranoticias.com\/wp-content\/uploads\/2025\/03\/fb_img_17432663317053977628876762607550.jpg 1080w\" sizes=\"auto, (max-width: 768px) 100vw, 768px\" \/><\/figure>\n","protected":false},"excerpt":{"rendered":"<p>El abogado Edwing Eduardo Gonz\u00e1lez Fern\u00e1ndez recibi\u00f3 el nombramiento como Promotor de la 4T en Tierra Blanca y ser\u00e1 el candidato de la alianza Morena-Partido Verde a la Presidencia Municipal de Tierra Blanca en la elecci\u00f3n del 1 de junio. Es abogado de Profesi\u00f3n con maestr\u00eda en Derecho Penal y T\u00e9cnicas de Litigaci\u00f3n Oral por&#8230; <\/p>\n<div class=\"clear\"><\/div>\n<p><a href=\"https:\/\/plumanegranoticias.com\/?p=9544\" class=\"excerpt-read-more\">Read More<i class=\"fa fa-caret-right icon-caret-right\"><\/i><\/a><\/p>\n","protected":false},"author":2,"featured_media":9546,"comment_status":"open","ping_status":"open","sticky":false,"template":"","format":"standard","meta":{"om_disable_all_campaigns":false,"_monsterinsights_skip_tracking":false,"_monsterinsights_sitenote_active":false,"_monsterinsights_sitenote_note":"","_monsterinsights_sitenote_category":0,"_uf_show_specific_survey":0,"_uf_disable_surveys":false,"footnotes":""},"categories":[8,12],"tags":[22,18,61,19],"class_list":["post-9544","post","type-post","status-publish","format-standard","has-post-thumbnail","hentry","category-politica","category-regional","tag-nota-roja","tag-noticia","tag-politica","tag-regional"],"aioseo_notices":[],"_links":{"self":[{"href":"https:\/\/plumanegranoticias.com\/index.php?rest_route=\/wp\/v2\/posts\/9544","targetHints":{"allow":["GET"]}}],"collection":[{"href":"https:\/\/plumanegranoticias.com\/index.php?rest_route=\/wp\/v2\/posts"}],"about":[{"href":"https:\/\/plumanegranoticias.com\/index.php?rest_route=\/wp\/v2\/types\/post"}],"author":[{"embeddable":true,"href":"https:\/\/plumanegranoticias.com\/index.php?rest_route=\/wp\/v2\/users\/2"}],"replies":[{"embeddable":true,"href":"https:\/\/plumanegranoticias.com\/index.php?rest_route=%2Fwp%2Fv2%2Fcomments&post=9544"}],"version-history":[{"count":2,"href":"https:\/\/plumanegranoticias.com\/index.php?rest_route=\/wp\/v2\/posts\/9544\/revisions"}],"predecessor-version":[{"id":9547,"href":"https:\/\/plumanegranoticias.com\/index.php?rest_route=\/wp\/v2\/posts\/9544\/revisions\/9547"}],"wp:featuredmedia":[{"embeddable":true,"href":"https:\/\/plumanegranoticias.com\/index.php?rest_route=\/wp\/v2\/media\/9546"}],"wp:attachment":[{"href":"https:\/\/plumanegranoticias.com\/index.php?rest_route=%2Fwp%2Fv2%2Fmedia&parent=9544"}],"wp:term":[{"taxonomy":"category","embeddable":true,"href":"https:\/\/plumanegranoticias.com\/index.php?rest_route=%2Fwp%2Fv2%2Fcategories&post=9544"},{"taxonomy":"post_tag","embeddable":true,"href":"https:\/\/plumanegranoticias.com\/index.php?rest_route=%2Fwp%2Fv2%2Ftags&post=9544"}],"curies":[{"name":"wp","href":"https:\/\/api.w.org\/{rel}","templated":true}]}}