{"id":9560,"date":"2025-03-29T11:54:53","date_gmt":"2025-03-29T17:54:53","guid":{"rendered":"https:\/\/plumanegranoticias.com\/?p=9560"},"modified":"2025-03-29T11:55:31","modified_gmt":"2025-03-29T17:55:31","slug":"buscan-judicialmente-frenar-obra-de-gas-natural-en-carretera-xalapa-veracruz","status":"publish","type":"post","link":"https:\/\/plumanegranoticias.com\/?p=9560","title":{"rendered":"Buscan judicialmente frenar obra de gas natural en carretera Xalapa Veracruz"},"content":{"rendered":"\n<p>Alejandro \u00c1vila<\/p>\n\n\n\n<p>Veracruz, Ver.- Integrantes del Frente Veracruzano Social (Frevesol) retomar\u00e1n un amparo ante autoridades para exigir a la empresa Gas Natural del Noroeste detenga la obra que actualmente se realiza en la carretera federal Xalapa-Veracruz, as\u00ed lo inform\u00f3 su presidente Carlos Hern\u00e1ndez Arriaga.<\/p>\n\n\n\n<p>El dirigente social manifest\u00f3 que \u201cen lo obscurito\u201d la empresa retom\u00f3 la introducci\u00f3n de ductos para transportar material peligroso, esto, pese a que el Ayuntamiento de Xalapa respondi\u00f3 a una solicitud de transparencia que no exist\u00edan ninguna autorizaci\u00f3n para el proyecto.<\/p>\n\n\n\n<p>Expuso que el servicio de suministro de gas es de car\u00e1cter industrial y va directamente a las empresas transnacionales Nestl\u00e9 y Coca Cola, ambas ubicadas en Coatepec, municipio conurbado con la capital veracruzana.<\/p>\n\n\n\n<p>Sin embargo, pretenden introducir los ductos por la mancha urbana de la ciudad de Xalapa, pasando por la zona universitaria, escuelas, calles transitadas y dem\u00e1s zonas poniendo en riesgo a los ciudadanos.<\/p>\n\n\n\n<p>Al respecto, Carlos Hern\u00e1ndez Arriaga, record\u00f3 que en 2017 interpusieron un amparo contra la empresa Gas Natural del Noroeste. El juicio de amparo con el folio 696\/2017 fue promovido por el presidente de Frevesol, ante el Juzgado D\u00e9cimo Quinto de Distrito en el Estado de Veracruz.<\/p>\n\n\n\n<p>\u201cDesde que nosotros nos enteramos que hab\u00eda esa propuesta nos opusimos, no estamos a favor, es un verdadero peligro porque son obras que no est\u00e1n planeadas; se logr\u00f3 detener, y ahora la volvieron a reactivar (\u2026) vamos a reactiva o iniciar otro amparo, es un derecho constitucional\u201d.<\/p>\n\n\n\n<p>Al respecto, exuso que el trazo de la obra pasar\u00eda por la carretera Xalapa-Veracruz a la altura de la Secretar\u00eda de Educaci\u00f3n de Veracruz (SEV), Murillo Vidal, Circuito Presidentes, carretera Xalapa-Coatepec para concluir en la comunidad La Ordu\u00f1a, del municipio de Coatepec.<\/p>\n\n\n\n<p>Incluso, alert\u00f3 que recientemente introdujeron tuber\u00eda frente a la zona militar, esto, poniendo en riesgo a la ciudadan\u00eda.<\/p>\n\n\n\n<p>Finalmente, hizo un llamado a todos los que ser\u00e1n candidatos en las pr\u00f3ximas elecciones para que sean claros y fijen postura, as\u00ed como en su momento lo hizo Ricardo Ahued, ahora secretario de Gobierno.<\/p>\n\n\n\n<figure class=\"wp-block-image size-large\"><img loading=\"lazy\" decoding=\"async\" width=\"768\" height=\"1024\" src=\"https:\/\/plumanegranoticias.com\/wp-content\/uploads\/2025\/03\/img-20250329-wa0029953912300571602657-768x1024.jpg\" alt=\"\" class=\"wp-image-9559\" srcset=\"https:\/\/plumanegranoticias.com\/wp-content\/uploads\/2025\/03\/img-20250329-wa0029953912300571602657-768x1024.jpg 768w, https:\/\/plumanegranoticias.com\/wp-content\/uploads\/2025\/03\/img-20250329-wa0029953912300571602657-225x300.jpg 225w, https:\/\/plumanegranoticias.com\/wp-content\/uploads\/2025\/03\/img-20250329-wa0029953912300571602657-1152x1536.jpg 1152w, https:\/\/plumanegranoticias.com\/wp-content\/uploads\/2025\/03\/img-20250329-wa0029953912300571602657.jpg 1200w\" sizes=\"auto, (max-width: 768px) 100vw, 768px\" \/><\/figure>\n\n\n\n<figure class=\"wp-block-image\"><img loading=\"lazy\" decoding=\"async\" width=\"1024\" height=\"768\" src=\"https:\/\/plumanegranoticias.com\/wp-content\/uploads\/2025\/03\/img-20250329-wa0028344101755528039017-1024x768.jpg\" alt=\"\" class=\"wp-image-9558\" srcset=\"https:\/\/plumanegranoticias.com\/wp-content\/uploads\/2025\/03\/img-20250329-wa0028344101755528039017-1024x768.jpg 1024w, https:\/\/plumanegranoticias.com\/wp-content\/uploads\/2025\/03\/img-20250329-wa0028344101755528039017-300x225.jpg 300w, https:\/\/plumanegranoticias.com\/wp-content\/uploads\/2025\/03\/img-20250329-wa0028344101755528039017-768x576.jpg 768w, https:\/\/plumanegranoticias.com\/wp-content\/uploads\/2025\/03\/img-20250329-wa0028344101755528039017-400x300.jpg 400w, https:\/\/plumanegranoticias.com\/wp-content\/uploads\/2025\/03\/img-20250329-wa0028344101755528039017.jpg 1280w\" sizes=\"auto, (max-width: 1024px) 100vw, 1024px\" \/><\/figure>\n","protected":false},"excerpt":{"rendered":"<p>Alejandro \u00c1vila Veracruz, Ver.- Integrantes del Frente Veracruzano Social (Frevesol) retomar\u00e1n un amparo ante autoridades para exigir a la empresa Gas Natural del Noroeste detenga la obra que actualmente se realiza en la carretera federal Xalapa-Veracruz, as\u00ed lo inform\u00f3 su presidente Carlos Hern\u00e1ndez Arriaga. El dirigente social manifest\u00f3 que \u201cen lo obscurito\u201d la empresa retom\u00f3&#8230; <\/p>\n<div class=\"clear\"><\/div>\n<p><a href=\"https:\/\/plumanegranoticias.com\/?p=9560\" class=\"excerpt-read-more\">Read More<i class=\"fa fa-caret-right icon-caret-right\"><\/i><\/a><\/p>\n","protected":false},"author":2,"featured_media":9557,"comment_status":"open","ping_status":"open","sticky":false,"template":"","format":"standard","meta":{"om_disable_all_campaigns":false,"_monsterinsights_skip_tracking":false,"_monsterinsights_sitenote_active":false,"_monsterinsights_sitenote_note":"","_monsterinsights_sitenote_category":0,"_uf_show_specific_survey":0,"_uf_disable_surveys":false,"footnotes":""},"categories":[8,12],"tags":[22,18],"class_list":["post-9560","post","type-post","status-publish","format-standard","has-post-thumbnail","hentry","category-politica","category-regional","tag-nota-roja","tag-noticia"],"aioseo_notices":[],"_links":{"self":[{"href":"https:\/\/plumanegranoticias.com\/index.php?rest_route=\/wp\/v2\/posts\/9560","targetHints":{"allow":["GET"]}}],"collection":[{"href":"https:\/\/plumanegranoticias.com\/index.php?rest_route=\/wp\/v2\/posts"}],"about":[{"href":"https:\/\/plumanegranoticias.com\/index.php?rest_route=\/wp\/v2\/types\/post"}],"author":[{"embeddable":true,"href":"https:\/\/plumanegranoticias.com\/index.php?rest_route=\/wp\/v2\/users\/2"}],"replies":[{"embeddable":true,"href":"https:\/\/plumanegranoticias.com\/index.php?rest_route=%2Fwp%2Fv2%2Fcomments&post=9560"}],"version-history":[{"count":1,"href":"https:\/\/plumanegranoticias.com\/index.php?rest_route=\/wp\/v2\/posts\/9560\/revisions"}],"predecessor-version":[{"id":9561,"href":"https:\/\/plumanegranoticias.com\/index.php?rest_route=\/wp\/v2\/posts\/9560\/revisions\/9561"}],"wp:featuredmedia":[{"embeddable":true,"href":"https:\/\/plumanegranoticias.com\/index.php?rest_route=\/wp\/v2\/media\/9557"}],"wp:attachment":[{"href":"https:\/\/plumanegranoticias.com\/index.php?rest_route=%2Fwp%2Fv2%2Fmedia&parent=9560"}],"wp:term":[{"taxonomy":"category","embeddable":true,"href":"https:\/\/plumanegranoticias.com\/index.php?rest_route=%2Fwp%2Fv2%2Fcategories&post=9560"},{"taxonomy":"post_tag","embeddable":true,"href":"https:\/\/plumanegranoticias.com\/index.php?rest_route=%2Fwp%2Fv2%2Ftags&post=9560"}],"curies":[{"name":"wp","href":"https:\/\/api.w.org\/{rel}","templated":true}]}}