{"id":9567,"date":"2025-03-30T07:30:45","date_gmt":"2025-03-30T13:30:45","guid":{"rendered":"https:\/\/plumanegranoticias.com\/?p=9567"},"modified":"2025-03-30T07:31:13","modified_gmt":"2025-03-30T13:31:13","slug":"prision-preventiva-contra-probables-responsables-del-feminicidio-de-una-menor-en-cordoba","status":"publish","type":"post","link":"https:\/\/plumanegranoticias.com\/?p=9567","title":{"rendered":"PRISI\u00d3N PREVENTIVA CONTRA PROBABLES RESPONSABLES DEL FEMINICIDIO DE UNA MENOR EN C\u00d3RDOBA"},"content":{"rendered":"\n<p class=\"MsoNormal\">C<strong>\u00f3rdoba, Ver., 29 de marzo de 2025.-<\/strong> La Fiscal\u00eda General del Estado, a trav\u00e9s de la Fiscal\u00eda Especializada en Investigaci\u00f3n de Delitos de Violencia Contra la Familia, Mujeres, Ni\u00f1as y Ni\u00f1os y de Trata de Personas, realiz\u00f3 imputaci\u00f3n en contra de Asela Guadalupe \u201cN\u201d y Rub\u00e9n de Jes\u00fas \u201cN\u201d, como probables responsables del delito de feminicidio, cometido en agravio de una v\u00edctima menor de edad de identidad resguardada.<\/p>\n\n\n\n<p class=\"MsoNormal\">Los hechos ocurrieron el 27 de marzo del a\u00f1o en curso, al interior de un domicilio ubicado en la localidad de San Mat\u00edas (Los Mangos) en este municipio, donde presuntamente ejerc\u00edan violencia familiar en contra de la v\u00edctima, quien resulta ser hija de Asela Guadalupe \u201cN\u201d y quien perdiera la vida a causa de las lesiones provocadas.<\/p>\n\n\n\n<figure class=\"wp-block-image\"><img decoding=\"async\" src=\"file:\/\/\/data\/user\/0\/com.microsoft.office.word\/files\/temp\/msohtmlclip\/clip_image002.png\" alt=\"\"\/><\/figure>\n\n\n\n<figure class=\"wp-block-image size-large\"><img loading=\"lazy\" decoding=\"async\" width=\"1024\" height=\"985\" src=\"https:\/\/plumanegranoticias.com\/wp-content\/uploads\/2025\/03\/img-20250329-wa01746248721619373614891-1024x985.jpg\" alt=\"\" class=\"wp-image-9566\" srcset=\"https:\/\/plumanegranoticias.com\/wp-content\/uploads\/2025\/03\/img-20250329-wa01746248721619373614891-1024x985.jpg 1024w, https:\/\/plumanegranoticias.com\/wp-content\/uploads\/2025\/03\/img-20250329-wa01746248721619373614891-300x289.jpg 300w, https:\/\/plumanegranoticias.com\/wp-content\/uploads\/2025\/03\/img-20250329-wa01746248721619373614891-768x739.jpg 768w, https:\/\/plumanegranoticias.com\/wp-content\/uploads\/2025\/03\/img-20250329-wa01746248721619373614891.jpg 1179w\" sizes=\"auto, (max-width: 1024px) 100vw, 1024px\" \/><\/figure>\n\n\n\n<p class=\"MsoNormal\">El juez dict\u00f3 como medida cautelar prisi\u00f3n preventiva, dentro del proceso penal 83\/2025.<\/p>\n\n\n\n<figure class=\"wp-block-image\"><img decoding=\"async\" src=\"file:\/\/\/data\/user\/0\/com.microsoft.office.word\/files\/temp\/msohtmlclip\/clip_image004.jpg\" alt=\"\"\/><\/figure>\n","protected":false},"excerpt":{"rendered":"<p>C\u00f3rdoba, Ver., 29 de marzo de 2025.- La Fiscal\u00eda General del Estado, a trav\u00e9s de la Fiscal\u00eda Especializada en Investigaci\u00f3n de Delitos de Violencia Contra la Familia, Mujeres, Ni\u00f1as y Ni\u00f1os y de Trata de Personas, realiz\u00f3 imputaci\u00f3n en contra de Asela Guadalupe \u201cN\u201d y Rub\u00e9n de Jes\u00fas \u201cN\u201d, como probables responsables del delito de&#8230; <\/p>\n<div class=\"clear\"><\/div>\n<p><a href=\"https:\/\/plumanegranoticias.com\/?p=9567\" class=\"excerpt-read-more\">Read More<i class=\"fa fa-caret-right icon-caret-right\"><\/i><\/a><\/p>\n","protected":false},"author":2,"featured_media":9569,"comment_status":"open","ping_status":"open","sticky":false,"template":"","format":"standard","meta":{"om_disable_all_campaigns":false,"_monsterinsights_skip_tracking":false,"_monsterinsights_sitenote_active":false,"_monsterinsights_sitenote_note":"","_monsterinsights_sitenote_category":0,"_uf_show_specific_survey":0,"_uf_disable_surveys":false,"footnotes":""},"categories":[8,12],"tags":[18,30],"class_list":["post-9567","post","type-post","status-publish","format-standard","has-post-thumbnail","hentry","category-politica","category-regional","tag-noticia","tag-plumazos"],"aioseo_notices":[],"_links":{"self":[{"href":"https:\/\/plumanegranoticias.com\/index.php?rest_route=\/wp\/v2\/posts\/9567","targetHints":{"allow":["GET"]}}],"collection":[{"href":"https:\/\/plumanegranoticias.com\/index.php?rest_route=\/wp\/v2\/posts"}],"about":[{"href":"https:\/\/plumanegranoticias.com\/index.php?rest_route=\/wp\/v2\/types\/post"}],"author":[{"embeddable":true,"href":"https:\/\/plumanegranoticias.com\/index.php?rest_route=\/wp\/v2\/users\/2"}],"replies":[{"embeddable":true,"href":"https:\/\/plumanegranoticias.com\/index.php?rest_route=%2Fwp%2Fv2%2Fcomments&post=9567"}],"version-history":[{"count":1,"href":"https:\/\/plumanegranoticias.com\/index.php?rest_route=\/wp\/v2\/posts\/9567\/revisions"}],"predecessor-version":[{"id":9568,"href":"https:\/\/plumanegranoticias.com\/index.php?rest_route=\/wp\/v2\/posts\/9567\/revisions\/9568"}],"wp:featuredmedia":[{"embeddable":true,"href":"https:\/\/plumanegranoticias.com\/index.php?rest_route=\/wp\/v2\/media\/9569"}],"wp:attachment":[{"href":"https:\/\/plumanegranoticias.com\/index.php?rest_route=%2Fwp%2Fv2%2Fmedia&parent=9567"}],"wp:term":[{"taxonomy":"category","embeddable":true,"href":"https:\/\/plumanegranoticias.com\/index.php?rest_route=%2Fwp%2Fv2%2Fcategories&post=9567"},{"taxonomy":"post_tag","embeddable":true,"href":"https:\/\/plumanegranoticias.com\/index.php?rest_route=%2Fwp%2Fv2%2Ftags&post=9567"}],"curies":[{"name":"wp","href":"https:\/\/api.w.org\/{rel}","templated":true}]}}