{"id":9571,"date":"2025-03-31T09:03:44","date_gmt":"2025-03-31T15:03:44","guid":{"rendered":"https:\/\/plumanegranoticias.com\/?p=9571"},"modified":"2025-03-31T09:04:14","modified_gmt":"2025-03-31T15:04:14","slug":"salvan-la-vida-tripulantes-de-helicoptero-en-fortin","status":"publish","type":"post","link":"https:\/\/plumanegranoticias.com\/?p=9571","title":{"rendered":"SALVAN LA VIDA TRIPULANTES DE HELIC\u00d3PTERO EN FORT\u00cdN"},"content":{"rendered":"\n<p class=\"MsoNormal wp-block-paragraph\">Fort\u00edn. Ver. La noche de este domingo se desplom\u00f3 un helic\u00f3ptero con matr\u00edcula N511VA, Propiedad del empresario cordob\u00e9s Jos\u00e9 Abella, \u00a0quien viajana con el piloto Luis Miguel Olvera, los tripulantes lograron salir de la nave con lesiones menores.<\/p>\n\n\n\n<p class=\"MsoNormal wp-block-paragraph\">El helic\u00f3ptero se desplom\u00f3 a la altura de la barranca de Puente Blanco con l\u00edmites con Monte Blanco, la causa del accidente se debi\u00f3 a una falla mec\u00e1nica la cual provoc\u00f3 que perdiera la estabilidad y terminar\u00e1 desplom\u00e1ndose.<\/p>\n\n\n\n<p class=\"MsoNormal wp-block-paragraph\">Los vecinos de la zona realizaron la llamada de emergencia para reportar lo susucedido y arribaron las autoridades y diversas corporaci\u00f3nes de rescate.<\/p>\n\n\n\n<p class=\"MsoNormal wp-block-paragraph\">Hasta el lugar arribaron distintas corporaciones de seguridad y rescate, como lo son, Rescatistas primeros respondientes, SAMUV Fort\u00edn, cruz \u00e1mbar, protecci\u00f3n civil de Fort\u00edn, bomberos de fortin, as\u00ed como de voluntarios de bomberos, hasta el lugar qued\u00f3 acordonada la zona por elementos de la guardia nacional, polic\u00eda estatal, secretaria de seguridad p\u00fablica.<\/p>\n\n\n\n<p class=\"MsoNormal wp-block-paragraph\">El mismo empresario dio a conocer sobre lo sucedido y coment\u00f3 que se encontraban lesionados, pero con vida.<\/p>\n\n\n\n<p class=\"MsoNormal wp-block-paragraph\">El empresario cordob\u00e9s es conocido por varios de sus negocios as\u00ed como por ser el due\u00f1o del peri\u00f3dico el Buen Tono.<\/p>\n\n\n\n<p class=\"MsoNormal wp-block-paragraph\">\u00a0<\/p>\n\n\n\n<figure class=\"wp-block-image size-large\"><img loading=\"lazy\" decoding=\"async\" width=\"1024\" height=\"768\" src=\"https:\/\/plumanegranoticias.com\/wp-content\/uploads\/2025\/03\/fb_img_17434319356743861979411959822281-1024x768.jpg\" alt=\"\" class=\"wp-image-9570\" srcset=\"https:\/\/plumanegranoticias.com\/wp-content\/uploads\/2025\/03\/fb_img_17434319356743861979411959822281-1024x768.jpg 1024w, https:\/\/plumanegranoticias.com\/wp-content\/uploads\/2025\/03\/fb_img_17434319356743861979411959822281-300x225.jpg 300w, https:\/\/plumanegranoticias.com\/wp-content\/uploads\/2025\/03\/fb_img_17434319356743861979411959822281-768x576.jpg 768w, https:\/\/plumanegranoticias.com\/wp-content\/uploads\/2025\/03\/fb_img_17434319356743861979411959822281-400x300.jpg 400w, https:\/\/plumanegranoticias.com\/wp-content\/uploads\/2025\/03\/fb_img_17434319356743861979411959822281.jpg 1080w\" sizes=\"auto, (max-width: 1024px) 100vw, 1024px\" \/><\/figure>\n","protected":false},"excerpt":{"rendered":"<p>Fort\u00edn. Ver. La noche de este domingo se desplom\u00f3 un helic\u00f3ptero con matr\u00edcula N511VA, Propiedad del empresario cordob\u00e9s Jos\u00e9 Abella, \u00a0quien viajana con el piloto Luis Miguel Olvera, los tripulantes lograron salir de la nave con lesiones menores. El helic\u00f3ptero se desplom\u00f3 a la altura de la barranca de Puente Blanco con l\u00edmites con Monte&#8230; <\/p>\n<div class=\"clear\"><\/div>\n<p><a href=\"https:\/\/plumanegranoticias.com\/?p=9571\" class=\"excerpt-read-more\">Read More<i class=\"fa fa-caret-right icon-caret-right\"><\/i><\/a><\/p>\n","protected":false},"author":2,"featured_media":9573,"comment_status":"open","ping_status":"open","sticky":false,"template":"","format":"standard","meta":{"om_disable_all_campaigns":false,"_monsterinsights_skip_tracking":false,"_uf_show_specific_survey":0,"_uf_disable_surveys":false,"footnotes":""},"categories":[13,16,8,12],"tags":[22,18,34],"class_list":["post-9571","post","type-post","status-publish","format-standard","has-post-thumbnail","hentry","category-nota-roja","category-plumazos","category-politica","category-regional","tag-nota-roja","tag-noticia","tag-policiaca"],"aioseo_notices":[],"aioseo_head":"\n\t\t<!-- All in One SEO 5.0.0.1 - aioseo.com -->\n\t<meta name=\"description\" content=\"Fort\u00edn. Ver. La noche de este domingo se desplom\u00f3 un helic\u00f3ptero con matr\u00edcula N511VA, Propiedad del empresario cordob\u00e9s Jos\u00e9 Abella, quien viajana con el piloto Luis Miguel Olvera, los tripulantes lograron salir de la nave con lesiones menores. El helic\u00f3ptero se desplom\u00f3 a la altura de la barranca de Puente Blanco con l\u00edmites con Monte\" \/>\n\t<meta name=\"robots\" content=\"max-image-preview:large\" \/>\n\t<meta name=\"author\" content=\"Ignacio \u00c1lvarez\"\/>\n\t<link rel=\"canonical\" href=\"https:\/\/plumanegranoticias.com\/?p=9571\" \/>\n\t<meta name=\"generator\" content=\"All in One SEO (AIOSEO) 5.0.0.1\" \/>\n\t\t<meta property=\"og:locale\" content=\"es_MX\" \/>\n\t\t<meta property=\"og:site_name\" content=\"plumanegranoticias.com -\" \/>\n\t\t<meta property=\"og:type\" content=\"article\" \/>\n\t\t<meta property=\"og:title\" content=\"SALVAN LA VIDA TRIPULANTES DE HELIC\u00d3PTERO EN FORT\u00cdN - plumanegranoticias.com\" \/>\n\t\t<meta property=\"og:description\" content=\"Fort\u00edn. Ver. La noche de este domingo se desplom\u00f3 un helic\u00f3ptero con matr\u00edcula N511VA, Propiedad del empresario cordob\u00e9s Jos\u00e9 Abella, quien viajana con el piloto Luis Miguel Olvera, los tripulantes lograron salir de la nave con lesiones menores. El helic\u00f3ptero se desplom\u00f3 a la altura de la barranca de Puente Blanco con l\u00edmites con Monte\" \/>\n\t\t<meta property=\"og:url\" content=\"https:\/\/plumanegranoticias.com\/?p=9571\" \/>\n\t\t<meta property=\"article:published_time\" content=\"2025-03-31T15:03:44+00:00\" \/>\n\t\t<meta property=\"article:modified_time\" content=\"2025-03-31T15:04:14+00:00\" \/>\n\t\t<meta name=\"twitter:card\" content=\"summary_large_image\" \/>\n\t\t<meta name=\"twitter:title\" content=\"SALVAN LA VIDA TRIPULANTES DE HELIC\u00d3PTERO EN FORT\u00cdN - plumanegranoticias.com\" \/>\n\t\t<meta name=\"twitter:description\" content=\"Fort\u00edn. Ver. La noche de este domingo se desplom\u00f3 un helic\u00f3ptero con matr\u00edcula N511VA, Propiedad del empresario cordob\u00e9s Jos\u00e9 Abella, quien viajana con el piloto Luis Miguel Olvera, los tripulantes lograron salir de la nave con lesiones menores. El helic\u00f3ptero se desplom\u00f3 a la altura de la barranca de Puente Blanco con l\u00edmites con Monte\" \/>\n\t\t<script type=\"application\/ld+json\" class=\"aioseo-schema\">\n\t\t\t{\"@context\":\"https:\\\/\\\/schema.org\",\"@graph\":[{\"@type\":\"BlogPosting\",\"@id\":\"https:\\\/\\\/plumanegranoticias.com\\\/?p=9571#blogposting\",\"name\":\"SALVAN LA VIDA TRIPULANTES DE HELIC\\u00d3PTERO EN FORT\\u00cdN - plumanegranoticias.com\",\"headline\":\"SALVAN LA VIDA TRIPULANTES DE HELIC\\u00d3PTERO EN FORT\\u00cdN\",\"author\":{\"@id\":\"https:\\\/\\\/plumanegranoticias.com\\\/?author=2#author\"},\"publisher\":{\"@id\":\"https:\\\/\\\/plumanegranoticias.com\\\/#organization\"},\"image\":{\"@type\":\"ImageObject\",\"url\":\"https:\\\/\\\/plumanegranoticias.com\\\/wp-content\\\/uploads\\\/2025\\\/03\\\/FB_IMG_1743431935674.jpg\",\"width\":1080,\"height\":810},\"datePublished\":\"2025-03-31T09:03:44-06:00\",\"dateModified\":\"2025-03-31T09:04:14-06:00\",\"inLanguage\":\"es-MX\",\"mainEntityOfPage\":{\"@id\":\"https:\\\/\\\/plumanegranoticias.com\\\/?p=9571#webpage\"},\"isPartOf\":{\"@id\":\"https:\\\/\\\/plumanegranoticias.com\\\/?p=9571#webpage\"},\"articleSection\":\"Nota Roja, Plumazos, Pol\\u00edtica, Regional, Nota Roja, Noticia, Policiaca\"},{\"@type\":\"BreadcrumbList\",\"@id\":\"https:\\\/\\\/plumanegranoticias.com\\\/?p=9571#breadcrumblist\",\"itemListElement\":[{\"@type\":\"ListItem\",\"@id\":\"https:\\\/\\\/plumanegranoticias.com#listItem\",\"position\":1,\"name\":\"Home\",\"item\":\"https:\\\/\\\/plumanegranoticias.com\",\"nextItem\":{\"@type\":\"ListItem\",\"@id\":\"https:\\\/\\\/plumanegranoticias.com\\\/?cat=8#listItem\",\"name\":\"Pol\\u00edtica\"}},{\"@type\":\"ListItem\",\"@id\":\"https:\\\/\\\/plumanegranoticias.com\\\/?cat=8#listItem\",\"position\":2,\"name\":\"Pol\\u00edtica\",\"item\":\"https:\\\/\\\/plumanegranoticias.com\\\/?cat=8\",\"nextItem\":{\"@type\":\"ListItem\",\"@id\":\"https:\\\/\\\/plumanegranoticias.com\\\/?p=9571#listItem\",\"name\":\"SALVAN LA VIDA TRIPULANTES DE HELIC\\u00d3PTERO EN FORT\\u00cdN\"},\"previousItem\":{\"@type\":\"ListItem\",\"@id\":\"https:\\\/\\\/plumanegranoticias.com#listItem\",\"name\":\"Home\"}},{\"@type\":\"ListItem\",\"@id\":\"https:\\\/\\\/plumanegranoticias.com\\\/?p=9571#listItem\",\"position\":3,\"name\":\"SALVAN LA VIDA TRIPULANTES DE HELIC\\u00d3PTERO EN FORT\\u00cdN\",\"previousItem\":{\"@type\":\"ListItem\",\"@id\":\"https:\\\/\\\/plumanegranoticias.com\\\/?cat=8#listItem\",\"name\":\"Pol\\u00edtica\"}}]},{\"@type\":\"Organization\",\"@id\":\"https:\\\/\\\/plumanegranoticias.com\\\/#organization\",\"name\":\"plumanegranoticias.com\",\"url\":\"https:\\\/\\\/plumanegranoticias.com\\\/\"},{\"@type\":\"Person\",\"@id\":\"https:\\\/\\\/plumanegranoticias.com\\\/?author=2#author\",\"url\":\"https:\\\/\\\/plumanegranoticias.com\\\/?author=2\",\"name\":\"Ignacio \\u00c1lvarez\",\"image\":{\"@type\":\"ImageObject\",\"@id\":\"https:\\\/\\\/plumanegranoticias.com\\\/?p=9571#authorImage\",\"url\":\"https:\\\/\\\/secure.gravatar.com\\\/avatar\\\/50d15f5139fd84e7a48ef23fcd81dc58ca9890401d4d15ad86caf43620b1771f?s=96&d=mm&r=g\",\"width\":96,\"height\":96,\"caption\":\"Ignacio \\u00c1lvarez\"}},{\"@type\":\"WebPage\",\"@id\":\"https:\\\/\\\/plumanegranoticias.com\\\/?p=9571#webpage\",\"url\":\"https:\\\/\\\/plumanegranoticias.com\\\/?p=9571\",\"name\":\"SALVAN LA VIDA TRIPULANTES DE HELIC\\u00d3PTERO EN FORT\\u00cdN - plumanegranoticias.com\",\"description\":\"Fort\\u00edn. Ver. La noche de este domingo se desplom\\u00f3 un helic\\u00f3ptero con matr\\u00edcula N511VA, Propiedad del empresario cordob\\u00e9s Jos\\u00e9 Abella, quien viajana con el piloto Luis Miguel Olvera, los tripulantes lograron salir de la nave con lesiones menores. El helic\\u00f3ptero se desplom\\u00f3 a la altura de la barranca de Puente Blanco con l\\u00edmites con Monte\",\"inLanguage\":\"es-MX\",\"isPartOf\":{\"@id\":\"https:\\\/\\\/plumanegranoticias.com\\\/#website\"},\"breadcrumb\":{\"@id\":\"https:\\\/\\\/plumanegranoticias.com\\\/?p=9571#breadcrumblist\"},\"author\":{\"@id\":\"https:\\\/\\\/plumanegranoticias.com\\\/?author=2#author\"},\"creator\":{\"@id\":\"https:\\\/\\\/plumanegranoticias.com\\\/?author=2#author\"},\"image\":{\"@type\":\"ImageObject\",\"url\":\"https:\\\/\\\/plumanegranoticias.com\\\/wp-content\\\/uploads\\\/2025\\\/03\\\/FB_IMG_1743431935674.jpg\",\"@id\":\"https:\\\/\\\/plumanegranoticias.com\\\/?p=9571\\\/#mainImage\",\"width\":1080,\"height\":810},\"primaryImageOfPage\":{\"@id\":\"https:\\\/\\\/plumanegranoticias.com\\\/?p=9571#mainImage\"},\"datePublished\":\"2025-03-31T09:03:44-06:00\",\"dateModified\":\"2025-03-31T09:04:14-06:00\"},{\"@type\":\"WebSite\",\"@id\":\"https:\\\/\\\/plumanegranoticias.com\\\/#website\",\"url\":\"https:\\\/\\\/plumanegranoticias.com\\\/\",\"name\":\"plumanegranoticias.com\",\"inLanguage\":\"es-MX\",\"publisher\":{\"@id\":\"https:\\\/\\\/plumanegranoticias.com\\\/#organization\"}}]}\n\t\t<\/script>\n\t\t<!-- All in One SEO -->\n\n","aioseo_head_json":{"title":"SALVAN LA VIDA TRIPULANTES DE HELIC\u00d3PTERO EN FORT\u00cdN - plumanegranoticias.com","description":"Fort\u00edn. Ver. La noche de este domingo se desplom\u00f3 un helic\u00f3ptero con matr\u00edcula N511VA, Propiedad del empresario cordob\u00e9s Jos\u00e9 Abella, quien viajana con el piloto Luis Miguel Olvera, los tripulantes lograron salir de la nave con lesiones menores. El helic\u00f3ptero se desplom\u00f3 a la altura de la barranca de Puente Blanco con l\u00edmites con Monte","canonical_url":"https:\/\/plumanegranoticias.com\/?p=9571","robots":"max-image-preview:large","keywords":"","webmasterTools":{"miscellaneous":""},"schema":{"@context":"https:\/\/schema.org","@graph":[{"@type":"BlogPosting","@id":"https:\/\/plumanegranoticias.com\/?p=9571#blogposting","name":"SALVAN LA VIDA TRIPULANTES DE HELIC\u00d3PTERO EN FORT\u00cdN - plumanegranoticias.com","headline":"SALVAN LA VIDA TRIPULANTES DE HELIC\u00d3PTERO EN FORT\u00cdN","author":{"@id":"https:\/\/plumanegranoticias.com\/?author=2#author"},"publisher":{"@id":"https:\/\/plumanegranoticias.com\/#organization"},"image":{"@type":"ImageObject","url":"https:\/\/plumanegranoticias.com\/wp-content\/uploads\/2025\/03\/FB_IMG_1743431935674.jpg","width":1080,"height":810},"datePublished":"2025-03-31T09:03:44-06:00","dateModified":"2025-03-31T09:04:14-06:00","inLanguage":"es-MX","mainEntityOfPage":{"@id":"https:\/\/plumanegranoticias.com\/?p=9571#webpage"},"isPartOf":{"@id":"https:\/\/plumanegranoticias.com\/?p=9571#webpage"},"articleSection":"Nota Roja, Plumazos, Pol\u00edtica, Regional, Nota Roja, Noticia, Policiaca"},{"@type":"BreadcrumbList","@id":"https:\/\/plumanegranoticias.com\/?p=9571#breadcrumblist","itemListElement":[{"@type":"ListItem","@id":"https:\/\/plumanegranoticias.com#listItem","position":1,"name":"Home","item":"https:\/\/plumanegranoticias.com","nextItem":{"@type":"ListItem","@id":"https:\/\/plumanegranoticias.com\/?cat=8#listItem","name":"Pol\u00edtica"}},{"@type":"ListItem","@id":"https:\/\/plumanegranoticias.com\/?cat=8#listItem","position":2,"name":"Pol\u00edtica","item":"https:\/\/plumanegranoticias.com\/?cat=8","nextItem":{"@type":"ListItem","@id":"https:\/\/plumanegranoticias.com\/?p=9571#listItem","name":"SALVAN LA VIDA TRIPULANTES DE HELIC\u00d3PTERO EN FORT\u00cdN"},"previousItem":{"@type":"ListItem","@id":"https:\/\/plumanegranoticias.com#listItem","name":"Home"}},{"@type":"ListItem","@id":"https:\/\/plumanegranoticias.com\/?p=9571#listItem","position":3,"name":"SALVAN LA VIDA TRIPULANTES DE HELIC\u00d3PTERO EN FORT\u00cdN","previousItem":{"@type":"ListItem","@id":"https:\/\/plumanegranoticias.com\/?cat=8#listItem","name":"Pol\u00edtica"}}]},{"@type":"Organization","@id":"https:\/\/plumanegranoticias.com\/#organization","name":"plumanegranoticias.com","url":"https:\/\/plumanegranoticias.com\/"},{"@type":"Person","@id":"https:\/\/plumanegranoticias.com\/?author=2#author","url":"https:\/\/plumanegranoticias.com\/?author=2","name":"Ignacio \u00c1lvarez","image":{"@type":"ImageObject","@id":"https:\/\/plumanegranoticias.com\/?p=9571#authorImage","url":"https:\/\/secure.gravatar.com\/avatar\/50d15f5139fd84e7a48ef23fcd81dc58ca9890401d4d15ad86caf43620b1771f?s=96&d=mm&r=g","width":96,"height":96,"caption":"Ignacio \u00c1lvarez"}},{"@type":"WebPage","@id":"https:\/\/plumanegranoticias.com\/?p=9571#webpage","url":"https:\/\/plumanegranoticias.com\/?p=9571","name":"SALVAN LA VIDA TRIPULANTES DE HELIC\u00d3PTERO EN FORT\u00cdN - plumanegranoticias.com","description":"Fort\u00edn. Ver. La noche de este domingo se desplom\u00f3 un helic\u00f3ptero con matr\u00edcula N511VA, Propiedad del empresario cordob\u00e9s Jos\u00e9 Abella, quien viajana con el piloto Luis Miguel Olvera, los tripulantes lograron salir de la nave con lesiones menores. El helic\u00f3ptero se desplom\u00f3 a la altura de la barranca de Puente Blanco con l\u00edmites con Monte","inLanguage":"es-MX","isPartOf":{"@id":"https:\/\/plumanegranoticias.com\/#website"},"breadcrumb":{"@id":"https:\/\/plumanegranoticias.com\/?p=9571#breadcrumblist"},"author":{"@id":"https:\/\/plumanegranoticias.com\/?author=2#author"},"creator":{"@id":"https:\/\/plumanegranoticias.com\/?author=2#author"},"image":{"@type":"ImageObject","url":"https:\/\/plumanegranoticias.com\/wp-content\/uploads\/2025\/03\/FB_IMG_1743431935674.jpg","@id":"https:\/\/plumanegranoticias.com\/?p=9571\/#mainImage","width":1080,"height":810},"primaryImageOfPage":{"@id":"https:\/\/plumanegranoticias.com\/?p=9571#mainImage"},"datePublished":"2025-03-31T09:03:44-06:00","dateModified":"2025-03-31T09:04:14-06:00"},{"@type":"WebSite","@id":"https:\/\/plumanegranoticias.com\/#website","url":"https:\/\/plumanegranoticias.com\/","name":"plumanegranoticias.com","inLanguage":"es-MX","publisher":{"@id":"https:\/\/plumanegranoticias.com\/#organization"}}]},"og:locale":"es_MX","og:site_name":"plumanegranoticias.com -","og:type":"article","og:title":"SALVAN LA VIDA TRIPULANTES DE HELIC\u00d3PTERO EN FORT\u00cdN - plumanegranoticias.com","og:description":"Fort\u00edn. Ver. La noche de este domingo se desplom\u00f3 un helic\u00f3ptero con matr\u00edcula N511VA, Propiedad del empresario cordob\u00e9s Jos\u00e9 Abella, quien viajana con el piloto Luis Miguel Olvera, los tripulantes lograron salir de la nave con lesiones menores. El helic\u00f3ptero se desplom\u00f3 a la altura de la barranca de Puente Blanco con l\u00edmites con Monte","og:url":"https:\/\/plumanegranoticias.com\/?p=9571","article:published_time":"2025-03-31T15:03:44+00:00","article:modified_time":"2025-03-31T15:04:14+00:00","twitter:card":"summary_large_image","twitter:title":"SALVAN LA VIDA TRIPULANTES DE HELIC\u00d3PTERO EN FORT\u00cdN - plumanegranoticias.com","twitter:description":"Fort\u00edn. Ver. La noche de este domingo se desplom\u00f3 un helic\u00f3ptero con matr\u00edcula N511VA, Propiedad del empresario cordob\u00e9s Jos\u00e9 Abella, quien viajana con el piloto Luis Miguel Olvera, los tripulantes lograron salir de la nave con lesiones menores. El helic\u00f3ptero se desplom\u00f3 a la altura de la barranca de Puente Blanco con l\u00edmites con Monte"},"aioseo_meta_data":{"post_id":"9571","title":null,"description":null,"keywords":null,"keyphrases":null,"primary_term":null,"canonical_url":null,"og_title":null,"og_description":null,"og_object_type":"default","og_image_type":"default","og_image_url":null,"og_image_width":null,"og_image_height":null,"og_image_custom_url":null,"og_image_custom_fields":null,"og_video":null,"og_custom_url":null,"og_article_section":null,"og_article_tags":null,"twitter_use_og":false,"twitter_card":"default","twitter_image_type":"default","twitter_image_url":null,"twitter_image_custom_url":null,"twitter_image_custom_fields":null,"twitter_title":null,"twitter_description":null,"schema":{"blockGraphs":[],"customGraphs":[],"default":{"data":{"Article":[],"Course":[],"Dataset":[],"FAQPage":[],"Movie":[],"Person":[],"Product":[],"ProductReview":[],"Car":[],"Recipe":[],"Service":[],"SoftwareApplication":[],"WebPage":[]},"graphName":"","isEnabled":true},"graphs":[]},"schema_type":"default","schema_type_options":null,"pillar_content":false,"robots_default":true,"robots_noindex":false,"robots_noarchive":false,"robots_nosnippet":false,"robots_nofollow":false,"robots_noimageindex":false,"robots_noodp":false,"robots_notranslate":false,"robots_max_snippet":null,"robots_max_videopreview":null,"robots_max_imagepreview":"large","priority":null,"frequency":null,"local_seo":null,"breadcrumb_settings":null,"limit_modified_date":false,"ai":null,"created":"2025-03-31 15:10:20","updated":"2025-09-24 03:45:54","seo_analyzer_scan_date":null,"focus_keyword":null,"additional_keywords":null,"truseo_locale":null},"aioseo_breadcrumb":"<div class=\"aioseo-breadcrumbs\"><span class=\"aioseo-breadcrumb\">\n\t\t\t<a href=\"https:\/\/plumanegranoticias.com\" title=\"Home\">Home<\/a>\n\t\t<\/span><span class=\"aioseo-breadcrumb-separator\">&raquo;<\/span><span class=\"aioseo-breadcrumb\">\n\t\t\t<a href=\"https:\/\/plumanegranoticias.com\/?cat=8\" title=\"Pol\u00edtica\">Pol\u00edtica<\/a>\n\t\t<\/span><span class=\"aioseo-breadcrumb-separator\">&raquo;<\/span><span class=\"aioseo-breadcrumb\">\n\t\t\tSALVAN LA VIDA TRIPULANTES DE HELIC\u00d3PTERO EN FORT\u00cdN\n\t\t<\/span><\/div>","aioseo_breadcrumb_json":[{"label":"Home","link":"https:\/\/plumanegranoticias.com"},{"label":"Pol\u00edtica","link":"https:\/\/plumanegranoticias.com\/?cat=8"},{"label":"SALVAN LA VIDA TRIPULANTES DE HELIC\u00d3PTERO EN FORT\u00cdN","link":"https:\/\/plumanegranoticias.com\/?p=9571"}],"_links":{"self":[{"href":"https:\/\/plumanegranoticias.com\/index.php?rest_route=\/wp\/v2\/posts\/9571","targetHints":{"allow":["GET"]}}],"collection":[{"href":"https:\/\/plumanegranoticias.com\/index.php?rest_route=\/wp\/v2\/posts"}],"about":[{"href":"https:\/\/plumanegranoticias.com\/index.php?rest_route=\/wp\/v2\/types\/post"}],"author":[{"embeddable":true,"href":"https:\/\/plumanegranoticias.com\/index.php?rest_route=\/wp\/v2\/users\/2"}],"replies":[{"embeddable":true,"href":"https:\/\/plumanegranoticias.com\/index.php?rest_route=%2Fwp%2Fv2%2Fcomments&post=9571"}],"version-history":[{"count":1,"href":"https:\/\/plumanegranoticias.com\/index.php?rest_route=\/wp\/v2\/posts\/9571\/revisions"}],"predecessor-version":[{"id":9572,"href":"https:\/\/plumanegranoticias.com\/index.php?rest_route=\/wp\/v2\/posts\/9571\/revisions\/9572"}],"wp:featuredmedia":[{"embeddable":true,"href":"https:\/\/plumanegranoticias.com\/index.php?rest_route=\/wp\/v2\/media\/9573"}],"wp:attachment":[{"href":"https:\/\/plumanegranoticias.com\/index.php?rest_route=%2Fwp%2Fv2%2Fmedia&parent=9571"}],"wp:term":[{"taxonomy":"category","embeddable":true,"href":"https:\/\/plumanegranoticias.com\/index.php?rest_route=%2Fwp%2Fv2%2Fcategories&post=9571"},{"taxonomy":"post_tag","embeddable":true,"href":"https:\/\/plumanegranoticias.com\/index.php?rest_route=%2Fwp%2Fv2%2Ftags&post=9571"}],"curies":[{"name":"wp","href":"https:\/\/api.w.org\/{rel}","templated":true}]}}