{"id":9639,"date":"2025-04-01T10:50:39","date_gmt":"2025-04-01T16:50:39","guid":{"rendered":"https:\/\/plumanegranoticias.com\/?p=9639"},"modified":"2025-04-01T10:51:18","modified_gmt":"2025-04-01T16:51:18","slug":"gama-es-oficialmente-el-candidato-del-pt-en-citlaltepetl","status":"publish","type":"post","link":"https:\/\/plumanegranoticias.com\/?p=9639","title":{"rendered":"Gama es oficialmente el candidato del PT en Citlaltepetl"},"content":{"rendered":"\n<p>Alejandro \u00c1vila<\/p>\n\n\n\n<p>Citlaltepetl, Ver.- Finalmente se concret\u00f3 el registro oficial de Ren\u00e9 Gamaliel Mart\u00ednez Alejandre como candidato a la alcald\u00eda de Citlaltepetl por el Partido del Trabajo ante el Organismo P\u00fablico Local Electoral (OPLE).<\/p>\n\n\n\n<p>La tarde de este lunes &#8220;Gama&#8221; fue acompa\u00f1ado por decenas de grupos sociales hasta la puerta del OPLE en Citlalt\u00e9petl, quienes le refrendaron su cari\u00f1o y aseguraron trabajar\u00e1n para lograr la victoria el pr\u00f3ximo 1 de junio.<\/p>\n\n\n\n<p>Por su parte, &#8220;Gama&#8221; refrend\u00f3 el compromiso por continuar con la construcci\u00f3n del segundo piso de la Cuarta Transformaci\u00f3n, donde las comunidades m\u00e1s vulnerables deben ser prioridad para los gobiernos.<\/p>\n\n\n\n<p>Gamaliel Mart\u00ednez mencion\u00f3 que durante el mes de mayo har\u00e1n una campa\u00f1a propositiva con una estructura s\u00f3lida que, adem\u00e1s de buscar la victoria muestre objetivos claros para una mejor gobernanza.<\/p>\n\n\n\n<figure class=\"wp-block-image size-large\"><img loading=\"lazy\" decoding=\"async\" width=\"1024\" height=\"771\" src=\"https:\/\/plumanegranoticias.com\/wp-content\/uploads\/2025\/04\/img-20250401-wa00721173124918716607331-1024x771.jpg\" alt=\"\" class=\"wp-image-9638\" srcset=\"https:\/\/plumanegranoticias.com\/wp-content\/uploads\/2025\/04\/img-20250401-wa00721173124918716607331-1024x771.jpg 1024w, https:\/\/plumanegranoticias.com\/wp-content\/uploads\/2025\/04\/img-20250401-wa00721173124918716607331-300x226.jpg 300w, https:\/\/plumanegranoticias.com\/wp-content\/uploads\/2025\/04\/img-20250401-wa00721173124918716607331-768x578.jpg 768w, https:\/\/plumanegranoticias.com\/wp-content\/uploads\/2025\/04\/img-20250401-wa00721173124918716607331-1536x1156.jpg 1536w, https:\/\/plumanegranoticias.com\/wp-content\/uploads\/2025\/04\/img-20250401-wa00721173124918716607331-400x300.jpg 400w, https:\/\/plumanegranoticias.com\/wp-content\/uploads\/2025\/04\/img-20250401-wa00721173124918716607331.jpg 1600w\" sizes=\"auto, (max-width: 1024px) 100vw, 1024px\" \/><\/figure>\n","protected":false},"excerpt":{"rendered":"<p>Alejandro \u00c1vila Citlaltepetl, Ver.- Finalmente se concret\u00f3 el registro oficial de Ren\u00e9 Gamaliel Mart\u00ednez Alejandre como candidato a la alcald\u00eda de Citlaltepetl por el Partido del Trabajo ante el Organismo P\u00fablico Local Electoral (OPLE). La tarde de este lunes &#8220;Gama&#8221; fue acompa\u00f1ado por decenas de grupos sociales hasta la puerta del OPLE en Citlalt\u00e9petl, quienes&#8230; <\/p>\n<div class=\"clear\"><\/div>\n<p><a href=\"https:\/\/plumanegranoticias.com\/?p=9639\" class=\"excerpt-read-more\">Read More<i class=\"fa fa-caret-right icon-caret-right\"><\/i><\/a><\/p>\n","protected":false},"author":2,"featured_media":9637,"comment_status":"open","ping_status":"open","sticky":false,"template":"","format":"standard","meta":{"om_disable_all_campaigns":false,"_monsterinsights_skip_tracking":false,"_monsterinsights_sitenote_active":false,"_monsterinsights_sitenote_note":"","_monsterinsights_sitenote_category":0,"_uf_show_specific_survey":0,"_uf_disable_surveys":false,"footnotes":""},"categories":[8,12],"tags":[22,18],"class_list":["post-9639","post","type-post","status-publish","format-standard","has-post-thumbnail","hentry","category-politica","category-regional","tag-nota-roja","tag-noticia"],"aioseo_notices":[],"_links":{"self":[{"href":"https:\/\/plumanegranoticias.com\/index.php?rest_route=\/wp\/v2\/posts\/9639","targetHints":{"allow":["GET"]}}],"collection":[{"href":"https:\/\/plumanegranoticias.com\/index.php?rest_route=\/wp\/v2\/posts"}],"about":[{"href":"https:\/\/plumanegranoticias.com\/index.php?rest_route=\/wp\/v2\/types\/post"}],"author":[{"embeddable":true,"href":"https:\/\/plumanegranoticias.com\/index.php?rest_route=\/wp\/v2\/users\/2"}],"replies":[{"embeddable":true,"href":"https:\/\/plumanegranoticias.com\/index.php?rest_route=%2Fwp%2Fv2%2Fcomments&post=9639"}],"version-history":[{"count":1,"href":"https:\/\/plumanegranoticias.com\/index.php?rest_route=\/wp\/v2\/posts\/9639\/revisions"}],"predecessor-version":[{"id":9640,"href":"https:\/\/plumanegranoticias.com\/index.php?rest_route=\/wp\/v2\/posts\/9639\/revisions\/9640"}],"wp:featuredmedia":[{"embeddable":true,"href":"https:\/\/plumanegranoticias.com\/index.php?rest_route=\/wp\/v2\/media\/9637"}],"wp:attachment":[{"href":"https:\/\/plumanegranoticias.com\/index.php?rest_route=%2Fwp%2Fv2%2Fmedia&parent=9639"}],"wp:term":[{"taxonomy":"category","embeddable":true,"href":"https:\/\/plumanegranoticias.com\/index.php?rest_route=%2Fwp%2Fv2%2Fcategories&post=9639"},{"taxonomy":"post_tag","embeddable":true,"href":"https:\/\/plumanegranoticias.com\/index.php?rest_route=%2Fwp%2Fv2%2Ftags&post=9639"}],"curies":[{"name":"wp","href":"https:\/\/api.w.org\/{rel}","templated":true}]}}