{"id":9645,"date":"2025-04-01T10:57:25","date_gmt":"2025-04-01T16:57:25","guid":{"rendered":"https:\/\/plumanegranoticias.com\/?p=9645"},"modified":"2025-04-01T10:58:20","modified_gmt":"2025-04-01T16:58:20","slug":"atentan-contra-vehiculo-de-candidato-del-pt-en-mixtla-de-altamirano","status":"publish","type":"post","link":"https:\/\/plumanegranoticias.com\/?p=9645","title":{"rendered":"ATENTAN CONTRA VEH\u00cdCULO DE CANDIDATO DEL PT EN MIXTLA DE ALTAMIRANO"},"content":{"rendered":"\n<p>Una camioneta propiedad del aspirante a la alcald\u00eda por el PT, Crisp\u00edn Hern\u00e1ndez S\u00e1nchez fue incendiada y baleada en la comunidad de Xochitla<\/p>\n\n\n\n<p>Mixtla de Altamirano, Ver.-Durante la madrugada de este d\u00eda, una camioneta propiedad de Crisp\u00edn Hern\u00e1ndez S\u00e1nchez, candidato del Partido del Trabajo (PT) a la presidencia municipal de Mixtla de Altamirano, fue atacada a balazos e incendiada en la localidad de Xochitla.<\/p>\n\n\n\n<p>De acuerdo con el reporte de la Comandancia Municipal, alrededor de las 02:30 AM, una llamada alert\u00f3 sobre la presencia de un veh\u00edculo en llamas con impactos de arma de fuego. Ante esto, elementos de la Polic\u00eda Municipal se trasladaron al sitio a bordo de la unidad PA-02, bajo el mando del director Alfonso Tzanahua Anastasio, junto con el segundo comandante y un oficial m\u00e1s.<\/p>\n\n\n\n<p>Al llegar al lugar, los agentes confirmaron que se trataba de una Toyota Hilux blanca, la cual presentaba al menos 20 impactos de bala de calibre 9mm y hab\u00eda sido consumida por el fuego. Afortunadamente, no se reportaron v\u00edctimas, siendo las p\u00e9rdidas \u00fanicamente materiales.<\/p>\n\n\n\n<p>Ante esta situaci\u00f3n, las autoridades recomendaron al afectado interponer la denuncia correspondiente para que se inicie la investigaci\u00f3n y se deslinden responsabilidades contra quienes resulten responsables del ataque.<\/p>\n\n\n\n<p>El incidente ha generado preocupaci\u00f3n en la regi\u00f3n de las Altas Monta\u00f1as, ya que se da en un contexto electoral donde se espera que la contienda transcurra con tranquilidad. Hasta el momento, no se ha informado sobre personas detenidas ni sobre los posibles motivos detr\u00e1s del ataque.<\/p>\n\n\n\n<p>Las fuerzas de seguridad mantienen presencia en la zona para prevenir cualquier otro acto de violencia y garantizar la integridad de la poblaci\u00f3n.<\/p>\n\n\n\n<figure class=\"wp-block-image size-large\"><img loading=\"lazy\" decoding=\"async\" width=\"1024\" height=\"771\" src=\"https:\/\/plumanegranoticias.com\/wp-content\/uploads\/2025\/04\/fb_img_17435264842254663836238672830098-1024x771.jpg\" alt=\"\" class=\"wp-image-9641\" srcset=\"https:\/\/plumanegranoticias.com\/wp-content\/uploads\/2025\/04\/fb_img_17435264842254663836238672830098-1024x771.jpg 1024w, https:\/\/plumanegranoticias.com\/wp-content\/uploads\/2025\/04\/fb_img_17435264842254663836238672830098-300x226.jpg 300w, https:\/\/plumanegranoticias.com\/wp-content\/uploads\/2025\/04\/fb_img_17435264842254663836238672830098-768x578.jpg 768w, https:\/\/plumanegranoticias.com\/wp-content\/uploads\/2025\/04\/fb_img_17435264842254663836238672830098-400x300.jpg 400w, https:\/\/plumanegranoticias.com\/wp-content\/uploads\/2025\/04\/fb_img_17435264842254663836238672830098.jpg 1080w\" sizes=\"auto, (max-width: 1024px) 100vw, 1024px\" \/><\/figure>\n\n\n\n<figure class=\"wp-block-image\"><img loading=\"lazy\" decoding=\"async\" width=\"770\" height=\"1024\" src=\"https:\/\/plumanegranoticias.com\/wp-content\/uploads\/2025\/04\/fb_img_17435264769188822287749196856310-770x1024.jpg\" alt=\"\" class=\"wp-image-9643\" srcset=\"https:\/\/plumanegranoticias.com\/wp-content\/uploads\/2025\/04\/fb_img_17435264769188822287749196856310-770x1024.jpg 770w, https:\/\/plumanegranoticias.com\/wp-content\/uploads\/2025\/04\/fb_img_17435264769188822287749196856310-226x300.jpg 226w, https:\/\/plumanegranoticias.com\/wp-content\/uploads\/2025\/04\/fb_img_17435264769188822287749196856310-768x1021.jpg 768w, https:\/\/plumanegranoticias.com\/wp-content\/uploads\/2025\/04\/fb_img_17435264769188822287749196856310.jpg 963w\" sizes=\"auto, (max-width: 770px) 100vw, 770px\" \/><\/figure>\n\n\n\n<figure class=\"wp-block-image\"><img loading=\"lazy\" decoding=\"async\" width=\"770\" height=\"1024\" src=\"https:\/\/plumanegranoticias.com\/wp-content\/uploads\/2025\/04\/fb_img_17435264794532313157851058991593-770x1024.jpg\" alt=\"\" class=\"wp-image-9642\" srcset=\"https:\/\/plumanegranoticias.com\/wp-content\/uploads\/2025\/04\/fb_img_17435264794532313157851058991593-770x1024.jpg 770w, https:\/\/plumanegranoticias.com\/wp-content\/uploads\/2025\/04\/fb_img_17435264794532313157851058991593-226x300.jpg 226w, https:\/\/plumanegranoticias.com\/wp-content\/uploads\/2025\/04\/fb_img_17435264794532313157851058991593-768x1021.jpg 768w, https:\/\/plumanegranoticias.com\/wp-content\/uploads\/2025\/04\/fb_img_17435264794532313157851058991593.jpg 963w\" sizes=\"auto, (max-width: 770px) 100vw, 770px\" \/><\/figure>\n","protected":false},"excerpt":{"rendered":"<p>Una camioneta propiedad del aspirante a la alcald\u00eda por el PT, Crisp\u00edn Hern\u00e1ndez S\u00e1nchez fue incendiada y baleada en la comunidad de Xochitla Mixtla de Altamirano, Ver.-Durante la madrugada de este d\u00eda, una camioneta propiedad de Crisp\u00edn Hern\u00e1ndez S\u00e1nchez, candidato del Partido del Trabajo (PT) a la presidencia municipal de Mixtla de Altamirano, fue atacada&#8230; <\/p>\n<div class=\"clear\"><\/div>\n<p><a href=\"https:\/\/plumanegranoticias.com\/?p=9645\" class=\"excerpt-read-more\">Read More<i class=\"fa fa-caret-right icon-caret-right\"><\/i><\/a><\/p>\n","protected":false},"author":2,"featured_media":9644,"comment_status":"open","ping_status":"open","sticky":false,"template":"","format":"standard","meta":{"om_disable_all_campaigns":false,"_monsterinsights_skip_tracking":false,"_monsterinsights_sitenote_active":false,"_monsterinsights_sitenote_note":"","_monsterinsights_sitenote_category":0,"_uf_show_specific_survey":0,"_uf_disable_surveys":false,"footnotes":""},"categories":[67,8,12],"tags":[61,19],"class_list":["post-9645","post","type-post","status-publish","format-standard","has-post-thumbnail","hentry","category-policiaca","category-politica","category-regional","tag-politica","tag-regional"],"aioseo_notices":[],"_links":{"self":[{"href":"https:\/\/plumanegranoticias.com\/index.php?rest_route=\/wp\/v2\/posts\/9645","targetHints":{"allow":["GET"]}}],"collection":[{"href":"https:\/\/plumanegranoticias.com\/index.php?rest_route=\/wp\/v2\/posts"}],"about":[{"href":"https:\/\/plumanegranoticias.com\/index.php?rest_route=\/wp\/v2\/types\/post"}],"author":[{"embeddable":true,"href":"https:\/\/plumanegranoticias.com\/index.php?rest_route=\/wp\/v2\/users\/2"}],"replies":[{"embeddable":true,"href":"https:\/\/plumanegranoticias.com\/index.php?rest_route=%2Fwp%2Fv2%2Fcomments&post=9645"}],"version-history":[{"count":1,"href":"https:\/\/plumanegranoticias.com\/index.php?rest_route=\/wp\/v2\/posts\/9645\/revisions"}],"predecessor-version":[{"id":9646,"href":"https:\/\/plumanegranoticias.com\/index.php?rest_route=\/wp\/v2\/posts\/9645\/revisions\/9646"}],"wp:featuredmedia":[{"embeddable":true,"href":"https:\/\/plumanegranoticias.com\/index.php?rest_route=\/wp\/v2\/media\/9644"}],"wp:attachment":[{"href":"https:\/\/plumanegranoticias.com\/index.php?rest_route=%2Fwp%2Fv2%2Fmedia&parent=9645"}],"wp:term":[{"taxonomy":"category","embeddable":true,"href":"https:\/\/plumanegranoticias.com\/index.php?rest_route=%2Fwp%2Fv2%2Fcategories&post=9645"},{"taxonomy":"post_tag","embeddable":true,"href":"https:\/\/plumanegranoticias.com\/index.php?rest_route=%2Fwp%2Fv2%2Ftags&post=9645"}],"curies":[{"name":"wp","href":"https:\/\/api.w.org\/{rel}","templated":true}]}}