{"id":9658,"date":"2025-04-01T19:11:17","date_gmt":"2025-04-02T01:11:17","guid":{"rendered":"https:\/\/plumanegranoticias.com\/?p=9658"},"modified":"2025-04-01T19:11:39","modified_gmt":"2025-04-02T01:11:39","slug":"fallece-diputada-veracruzana-del-verde-maru-pinete","status":"publish","type":"post","link":"https:\/\/plumanegranoticias.com\/?p=9658","title":{"rendered":"Fallece diputada veracruzana del Verde, Maru Pinete"},"content":{"rendered":"\n<p><\/p>\n\n\n\n<p><em>Lo confirman los diputados Ricardo Monreal \u00c1vila y Sergio Guti\u00e9rrez Luna, en sus redes sociales<\/em><\/p>\n\n\n\n<p>\u00c1ngeles Gonz\u00e1lez Ceballos<br>Xalapa, Ver.A la edad de 64 a\u00f1os de edad, la actual diputada veracruzana del Partido Verde Ecologista de M\u00e9xico (PVEM), Mar\u00eda del Carmen Pinete Vargas, mejor conocida como Maru Pinete, muri\u00f3 la tarde de este martes 1 de abril.<\/p>\n\n\n\n<p>Los diputados federales, Sergio Guti\u00e9rrez Luna y Ricardo Monreal \u00c1vila confirmaron el fallecimiento de la legisladora federal.<\/p>\n\n\n\n<p>A trav\u00e9s de su cuenta de X, el coordinador del grupo parlamentario de Movimiento de Regeneraci\u00f3n Nacional (Morena) y presidente de la Junta de Coordinaci\u00f3n Pol\u00edtica (Jucopo) en San L\u00e1zaro, Ricardo Monreal \u00c1vila, confirm\u00f3 la noticia del fallecimiento.<\/p>\n\n\n\n<p>Asimismo, el diputado Sergio Guti\u00e9rrez Luna expres\u00f3 su tristeza por el deceso de su compa\u00f1era diputada.<\/p>\n\n\n\n<p>&#8220;Con tristeza informo el sensible fallecimiento de mi compa\u00f1era diputada y amiga Maru Pinete.<\/p>\n\n\n\n<p>Mi paisana siempre fue una mujer comprometida y generosa. Me quedo con su tenacidad y su incansable lucha por transformar a nuestro pa\u00eds&#8221;, detall\u00f3 en un post la tarde de este martes.<\/p>\n\n\n\n<p>Asimismo, envi\u00f3 a su familia y seres queridos un abrazo y su solidaridad, &#8220;hasta siempre, Maru&#8221;.<\/p>\n\n\n\n<figure class=\"wp-block-image size-large\"><img loading=\"lazy\" decoding=\"async\" width=\"1024\" height=\"683\" src=\"https:\/\/plumanegranoticias.com\/wp-content\/uploads\/2025\/04\/fb_img_17435562093707263863807110322833-1024x683.jpg\" alt=\"\" class=\"wp-image-9657\" srcset=\"https:\/\/plumanegranoticias.com\/wp-content\/uploads\/2025\/04\/fb_img_17435562093707263863807110322833-1024x683.jpg 1024w, https:\/\/plumanegranoticias.com\/wp-content\/uploads\/2025\/04\/fb_img_17435562093707263863807110322833-300x200.jpg 300w, https:\/\/plumanegranoticias.com\/wp-content\/uploads\/2025\/04\/fb_img_17435562093707263863807110322833-768x512.jpg 768w, https:\/\/plumanegranoticias.com\/wp-content\/uploads\/2025\/04\/fb_img_17435562093707263863807110322833.jpg 1080w\" sizes=\"auto, (max-width: 1024px) 100vw, 1024px\" \/><\/figure>\n","protected":false},"excerpt":{"rendered":"<p>Lo confirman los diputados Ricardo Monreal \u00c1vila y Sergio Guti\u00e9rrez Luna, en sus redes sociales \u00c1ngeles Gonz\u00e1lez CeballosXalapa, Ver.A la edad de 64 a\u00f1os de edad, la actual diputada veracruzana del Partido Verde Ecologista de M\u00e9xico (PVEM), Mar\u00eda del Carmen Pinete Vargas, mejor conocida como Maru Pinete, muri\u00f3 la tarde de este martes 1 de&#8230; <\/p>\n<div class=\"clear\"><\/div>\n<p><a href=\"https:\/\/plumanegranoticias.com\/?p=9658\" class=\"excerpt-read-more\">Read More<i class=\"fa fa-caret-right icon-caret-right\"><\/i><\/a><\/p>\n","protected":false},"author":2,"featured_media":9660,"comment_status":"open","ping_status":"open","sticky":false,"template":"","format":"standard","meta":{"om_disable_all_campaigns":false,"_monsterinsights_skip_tracking":false,"_monsterinsights_sitenote_active":false,"_monsterinsights_sitenote_note":"","_monsterinsights_sitenote_category":0,"_uf_show_specific_survey":0,"_uf_disable_surveys":false,"footnotes":""},"categories":[13,8,12],"tags":[22,18],"class_list":["post-9658","post","type-post","status-publish","format-standard","has-post-thumbnail","hentry","category-nota-roja","category-politica","category-regional","tag-nota-roja","tag-noticia"],"aioseo_notices":[],"_links":{"self":[{"href":"https:\/\/plumanegranoticias.com\/index.php?rest_route=\/wp\/v2\/posts\/9658","targetHints":{"allow":["GET"]}}],"collection":[{"href":"https:\/\/plumanegranoticias.com\/index.php?rest_route=\/wp\/v2\/posts"}],"about":[{"href":"https:\/\/plumanegranoticias.com\/index.php?rest_route=\/wp\/v2\/types\/post"}],"author":[{"embeddable":true,"href":"https:\/\/plumanegranoticias.com\/index.php?rest_route=\/wp\/v2\/users\/2"}],"replies":[{"embeddable":true,"href":"https:\/\/plumanegranoticias.com\/index.php?rest_route=%2Fwp%2Fv2%2Fcomments&post=9658"}],"version-history":[{"count":1,"href":"https:\/\/plumanegranoticias.com\/index.php?rest_route=\/wp\/v2\/posts\/9658\/revisions"}],"predecessor-version":[{"id":9659,"href":"https:\/\/plumanegranoticias.com\/index.php?rest_route=\/wp\/v2\/posts\/9658\/revisions\/9659"}],"wp:featuredmedia":[{"embeddable":true,"href":"https:\/\/plumanegranoticias.com\/index.php?rest_route=\/wp\/v2\/media\/9660"}],"wp:attachment":[{"href":"https:\/\/plumanegranoticias.com\/index.php?rest_route=%2Fwp%2Fv2%2Fmedia&parent=9658"}],"wp:term":[{"taxonomy":"category","embeddable":true,"href":"https:\/\/plumanegranoticias.com\/index.php?rest_route=%2Fwp%2Fv2%2Fcategories&post=9658"},{"taxonomy":"post_tag","embeddable":true,"href":"https:\/\/plumanegranoticias.com\/index.php?rest_route=%2Fwp%2Fv2%2Ftags&post=9658"}],"curies":[{"name":"wp","href":"https:\/\/api.w.org\/{rel}","templated":true}]}}