{"id":9694,"date":"2025-04-04T13:28:24","date_gmt":"2025-04-04T19:28:24","guid":{"rendered":"https:\/\/plumanegranoticias.com\/?p=9694"},"modified":"2025-04-04T13:28:58","modified_gmt":"2025-04-04T19:28:58","slug":"pedro-fernandez-y-su-ave-fenix-tour-llega-a-veracruz-en-mayo","status":"publish","type":"post","link":"https:\/\/plumanegranoticias.com\/?p=9694","title":{"rendered":"Pedro Fern\u00e1ndez y su &#8220;Ave F\u00e9nix Tour\u201d llega a Veracruz en mayo"},"content":{"rendered":"\n<p>Alejandro \u00c1vila<\/p>\n\n\n\n<p>Veracruz, Ver.- Pedro Fern\u00e1ndez, el \u00edcono y exponente de la m\u00fasica mexicana, regresa a Veracruz el s\u00e1bado 31 de mayo con el &#8220;Ave F\u00e9nix Tour&#8221; con un show de primer nivel que sin duda disfrutar\u00e1n de inicio a fin sumado a escuchar sus grandes \u00e9xitos y los nuevos.<\/p>\n\n\n\n<p>\u201cEl Aventurero\u201d, el de la mochila azul, Pedro Fern\u00e1ndez pisar\u00e1 de nueva cuenta tierras veracruzanas para ofrecer un gran concierto que ser\u00e1 memorable para sus fans y seguidores.<\/p>\n\n\n\n<p>Cohumanity Management ha confirmado el tour \u201cAve F\u00e9nix\u201d de PEDRO FERN\u00c1NDEZ para el s\u00e1bado 31 de mayo en el auditorio Benito Ju\u00e1rez.<\/p>\n\n\n\n<p>\u201cAmarte a la antigua\u201d, \u201cYo no fui\u201d, \u201cDime mi amor\u201d, \u201cMi forma de sentir\u201d, \u201cMe encantas\u201d, \u201cTe doy la vida\u201d, \u201cComo te extra\u00f1o mi amor\u201d, \u201cC\u00f3mo se\u00e1 la mujer\u201d, \u201cDulcesito de Chamoy\u201d, son tan s\u00f3lo algunos de los \u00e9xitos que Pedro Fern\u00e1ndez cantar\u00e1 para su p\u00fablico este s\u00e1bado 31 de mayo.<\/p>\n\n\n\n<p>Boletos en f\u00edsico: Taquilla del auditorio \u201cBenito Ju\u00e1rez\u201d<\/p>\n\n\n\n<figure class=\"wp-block-image size-large\"><img loading=\"lazy\" decoding=\"async\" width=\"300\" height=\"300\" src=\"https:\/\/plumanegranoticias.com\/wp-content\/uploads\/2025\/04\/img-20250404-wa01083791354823547506900-300x300.jpg\" alt=\"\" class=\"wp-image-9692\" srcset=\"https:\/\/plumanegranoticias.com\/wp-content\/uploads\/2025\/04\/img-20250404-wa01083791354823547506900-300x300.jpg 300w, https:\/\/plumanegranoticias.com\/wp-content\/uploads\/2025\/04\/img-20250404-wa01083791354823547506900-150x150.jpg 150w, https:\/\/plumanegranoticias.com\/wp-content\/uploads\/2025\/04\/img-20250404-wa01083791354823547506900-400x400.jpg 400w, https:\/\/plumanegranoticias.com\/wp-content\/uploads\/2025\/04\/img-20250404-wa01083791354823547506900.jpg 554w\" sizes=\"auto, (max-width: 300px) 100vw, 300px\" \/><\/figure>\n","protected":false},"excerpt":{"rendered":"<p>Alejandro \u00c1vila Veracruz, Ver.- Pedro Fern\u00e1ndez, el \u00edcono y exponente de la m\u00fasica mexicana, regresa a Veracruz el s\u00e1bado 31 de mayo con el &#8220;Ave F\u00e9nix Tour&#8221; con un show de primer nivel que sin duda disfrutar\u00e1n de inicio a fin sumado a escuchar sus grandes \u00e9xitos y los nuevos. \u201cEl Aventurero\u201d, el de la&#8230; <\/p>\n<div class=\"clear\"><\/div>\n<p><a href=\"https:\/\/plumanegranoticias.com\/?p=9694\" class=\"excerpt-read-more\">Read More<i class=\"fa fa-caret-right icon-caret-right\"><\/i><\/a><\/p>\n","protected":false},"author":2,"featured_media":9693,"comment_status":"open","ping_status":"open","sticky":false,"template":"","format":"standard","meta":{"om_disable_all_campaigns":false,"_monsterinsights_skip_tracking":false,"_monsterinsights_sitenote_active":false,"_monsterinsights_sitenote_note":"","_monsterinsights_sitenote_category":0,"_uf_show_specific_survey":0,"_uf_disable_surveys":false,"footnotes":""},"categories":[15,10],"tags":[18,30,33],"class_list":["post-9694","post","type-post","status-publish","format-standard","has-post-thumbnail","hentry","category-nacionales","category-sociales","tag-noticia","tag-plumazos","tag-tendencias"],"aioseo_notices":[],"_links":{"self":[{"href":"https:\/\/plumanegranoticias.com\/index.php?rest_route=\/wp\/v2\/posts\/9694","targetHints":{"allow":["GET"]}}],"collection":[{"href":"https:\/\/plumanegranoticias.com\/index.php?rest_route=\/wp\/v2\/posts"}],"about":[{"href":"https:\/\/plumanegranoticias.com\/index.php?rest_route=\/wp\/v2\/types\/post"}],"author":[{"embeddable":true,"href":"https:\/\/plumanegranoticias.com\/index.php?rest_route=\/wp\/v2\/users\/2"}],"replies":[{"embeddable":true,"href":"https:\/\/plumanegranoticias.com\/index.php?rest_route=%2Fwp%2Fv2%2Fcomments&post=9694"}],"version-history":[{"count":1,"href":"https:\/\/plumanegranoticias.com\/index.php?rest_route=\/wp\/v2\/posts\/9694\/revisions"}],"predecessor-version":[{"id":9695,"href":"https:\/\/plumanegranoticias.com\/index.php?rest_route=\/wp\/v2\/posts\/9694\/revisions\/9695"}],"wp:featuredmedia":[{"embeddable":true,"href":"https:\/\/plumanegranoticias.com\/index.php?rest_route=\/wp\/v2\/media\/9693"}],"wp:attachment":[{"href":"https:\/\/plumanegranoticias.com\/index.php?rest_route=%2Fwp%2Fv2%2Fmedia&parent=9694"}],"wp:term":[{"taxonomy":"category","embeddable":true,"href":"https:\/\/plumanegranoticias.com\/index.php?rest_route=%2Fwp%2Fv2%2Fcategories&post=9694"},{"taxonomy":"post_tag","embeddable":true,"href":"https:\/\/plumanegranoticias.com\/index.php?rest_route=%2Fwp%2Fv2%2Ftags&post=9694"}],"curies":[{"name":"wp","href":"https:\/\/api.w.org\/{rel}","templated":true}]}}