{"id":9702,"date":"2025-04-04T13:34:25","date_gmt":"2025-04-04T19:34:25","guid":{"rendered":"https:\/\/plumanegranoticias.com\/?p=9702"},"modified":"2025-04-04T13:35:02","modified_gmt":"2025-04-04T19:35:02","slug":"confirmo-la-secretaria-de-salud-que-no-hay-sarampion-en-xalapa","status":"publish","type":"post","link":"https:\/\/plumanegranoticias.com\/?p=9702","title":{"rendered":"Confirm\u00f3 la Secretar\u00eda de Salud que no hay sarampi\u00f3n en Xalapa"},"content":{"rendered":"\n<p><em>La directora de Salud municipal, aclar\u00f3 que se trat\u00f3 de una confusi\u00f3n con los casos de tos ferina que s\u00ed hay en el Estado<\/em><\/p>\n\n\n\n<p>\u00c1ngeles Gonz\u00e1lez Ceballos<br \/>Xalapa, Ver.<\/p>\n\n\n\n<p>En Xalapa no hay casos confirmados de sarampi\u00f3n, los casos que dijeron que hab\u00eda, fueron por una confusi\u00f3n con los casos de tos ferina que s\u00ed se tienen confirmados.<\/p>\n\n\n\n<p>La propia Secretar\u00eda de Salud es la que confirm\u00f3 esta situaci\u00f3n, adem\u00e1s, si no se han presentado casos de este tipo es gracias a la vacunaci\u00f3n que se ha realizado, previo al brote que actualmente s\u00ed hay en el Pa\u00eds.<\/p>\n\n\n\n<p>As\u00ed lo expuso la directora de Salud Municipal, Olga Alarc\u00f3n Ricardez, quien reiter\u00f3 que la dependencia del Estado fue quien le confirm\u00f3 este viernes que no hay casos de sarampi\u00f3n.<\/p>\n\n\n\n<p>&#8220;Por medio de SESVER nos han informado que gracias a la vacuna que se ha puesto a los reci\u00e9n nacidos, no tenemos casos de sarampi\u00f3n&#8221;, subray\u00f3.<\/p>\n\n\n\n<p>Sobre los casos de tos ferina, la funcionaria precis\u00f3 que de esta enfermedad han habido 12 casos a nivel estatal.<\/p>\n\n\n\n<p>&#8220;Lo que s\u00ed se coment\u00f3 ayer es que hubo 12 casos de tos ferina y ah\u00ed fue donde hubo la confusi\u00f3n&#8221;, aclar\u00f3.<\/p>\n\n\n\n<p>Finalmente, recomend\u00f3 asistir a los centros de salud ante cualquier s\u00edntoma de tos.<\/p>\n\n\n\n<p>&#8220;Si alguien tiene tos, no est\u00e1 dem\u00e1s que acuda a su centro de salud para realizarse alg\u00fan estudio, un an\u00e1lisis y descartar o saber en realidad a qu\u00e9 se debe esa tos&#8221;, expres\u00f3.<\/p>\n\n\n\n<figure class=\"wp-block-image size-large\"><img loading=\"lazy\" decoding=\"async\" width=\"1024\" height=\"768\" src=\"https:\/\/plumanegranoticias.com\/wp-content\/uploads\/2025\/04\/img-20250404-wa01114425023981185123222-1024x768.jpg\" alt=\"\" class=\"wp-image-9701\" srcset=\"https:\/\/plumanegranoticias.com\/wp-content\/uploads\/2025\/04\/img-20250404-wa01114425023981185123222-1024x768.jpg 1024w, https:\/\/plumanegranoticias.com\/wp-content\/uploads\/2025\/04\/img-20250404-wa01114425023981185123222-300x225.jpg 300w, https:\/\/plumanegranoticias.com\/wp-content\/uploads\/2025\/04\/img-20250404-wa01114425023981185123222-768x576.jpg 768w, https:\/\/plumanegranoticias.com\/wp-content\/uploads\/2025\/04\/img-20250404-wa01114425023981185123222-1536x1152.jpg 1536w, https:\/\/plumanegranoticias.com\/wp-content\/uploads\/2025\/04\/img-20250404-wa01114425023981185123222-400x300.jpg 400w, https:\/\/plumanegranoticias.com\/wp-content\/uploads\/2025\/04\/img-20250404-wa01114425023981185123222.jpg 1600w\" sizes=\"auto, (max-width: 1024px) 100vw, 1024px\" \/><\/figure>\n","protected":false},"excerpt":{"rendered":"<p>La directora de Salud municipal, aclar\u00f3 que se trat\u00f3 de una confusi\u00f3n con los casos de tos ferina que s\u00ed hay en el Estado \u00c1ngeles Gonz\u00e1lez CeballosXalapa, Ver. En Xalapa no hay casos confirmados de sarampi\u00f3n, los casos que dijeron que hab\u00eda, fueron por una confusi\u00f3n con los casos de tos ferina que s\u00ed se&#8230; <\/p>\n<div class=\"clear\"><\/div>\n<p><a href=\"https:\/\/plumanegranoticias.com\/?p=9702\" class=\"excerpt-read-more\">Read More<i class=\"fa fa-caret-right icon-caret-right\"><\/i><\/a><\/p>\n","protected":false},"author":2,"featured_media":9704,"comment_status":"open","ping_status":"open","sticky":false,"template":"","format":"standard","meta":{"om_disable_all_campaigns":false,"_monsterinsights_skip_tracking":false,"_monsterinsights_sitenote_active":false,"_monsterinsights_sitenote_note":"","_monsterinsights_sitenote_category":0,"_uf_show_specific_survey":0,"_uf_disable_surveys":false,"footnotes":""},"categories":[67,8,12],"tags":[18,34,61,31],"class_list":["post-9702","post","type-post","status-publish","format-standard","has-post-thumbnail","hentry","category-policiaca","category-politica","category-regional","tag-noticia","tag-policiaca","tag-politica","tag-reporte-ciudadano"],"aioseo_notices":[],"_links":{"self":[{"href":"https:\/\/plumanegranoticias.com\/index.php?rest_route=\/wp\/v2\/posts\/9702","targetHints":{"allow":["GET"]}}],"collection":[{"href":"https:\/\/plumanegranoticias.com\/index.php?rest_route=\/wp\/v2\/posts"}],"about":[{"href":"https:\/\/plumanegranoticias.com\/index.php?rest_route=\/wp\/v2\/types\/post"}],"author":[{"embeddable":true,"href":"https:\/\/plumanegranoticias.com\/index.php?rest_route=\/wp\/v2\/users\/2"}],"replies":[{"embeddable":true,"href":"https:\/\/plumanegranoticias.com\/index.php?rest_route=%2Fwp%2Fv2%2Fcomments&post=9702"}],"version-history":[{"count":1,"href":"https:\/\/plumanegranoticias.com\/index.php?rest_route=\/wp\/v2\/posts\/9702\/revisions"}],"predecessor-version":[{"id":9703,"href":"https:\/\/plumanegranoticias.com\/index.php?rest_route=\/wp\/v2\/posts\/9702\/revisions\/9703"}],"wp:featuredmedia":[{"embeddable":true,"href":"https:\/\/plumanegranoticias.com\/index.php?rest_route=\/wp\/v2\/media\/9704"}],"wp:attachment":[{"href":"https:\/\/plumanegranoticias.com\/index.php?rest_route=%2Fwp%2Fv2%2Fmedia&parent=9702"}],"wp:term":[{"taxonomy":"category","embeddable":true,"href":"https:\/\/plumanegranoticias.com\/index.php?rest_route=%2Fwp%2Fv2%2Fcategories&post=9702"},{"taxonomy":"post_tag","embeddable":true,"href":"https:\/\/plumanegranoticias.com\/index.php?rest_route=%2Fwp%2Fv2%2Ftags&post=9702"}],"curies":[{"name":"wp","href":"https:\/\/api.w.org\/{rel}","templated":true}]}}