{"id":9734,"date":"2025-04-04T15:49:35","date_gmt":"2025-04-04T21:49:35","guid":{"rendered":"https:\/\/plumanegranoticias.com\/?p=9734"},"modified":"2025-04-04T15:49:56","modified_gmt":"2025-04-04T21:49:56","slug":"reportan-fuerte-incendio-en-limites-de-maltrata-y-aquila","status":"publish","type":"post","link":"https:\/\/plumanegranoticias.com\/?p=9734","title":{"rendered":"Reportan fuerte incendio en l\u00edmites de Maltrata y Aquila"},"content":{"rendered":"\n<p>Maltrata, Ver.- Un incendio se registra en los l\u00edmites de Maltrata y Aquila, en un \u00e1rea conocida como \u201cRancho Verde\u201d. Hasta el momento, se desconoce la causa del siniestro, pero autoridades y cuerpos de emergencia ya trabajan en el lugar para controlar las llamas.<\/p>\n\n\n\n<p>Protecci\u00f3n Civil ha emitido una alerta recomendando a la poblaci\u00f3n evitar la zona para no interferir con las labores de rescate. Asimismo, han instado a los habitantes cercanos a tomar precauciones ante la posible propagaci\u00f3n del fuego y la presencia de humo denso.<\/p>\n\n\n\n<p>Se espera m\u00e1s informaci\u00f3n en las pr\u00f3ximas horas sobre la evoluci\u00f3n del incendio y posibles afectaciones.<\/p>\n\n\n\n<figure class=\"wp-block-image size-large\"><img loading=\"lazy\" decoding=\"async\" width=\"1024\" height=\"768\" src=\"https:\/\/plumanegranoticias.com\/wp-content\/uploads\/2025\/04\/img-20250404-wa01472823028616429509718-1024x768.jpg\" alt=\"\" class=\"wp-image-9732\" srcset=\"https:\/\/plumanegranoticias.com\/wp-content\/uploads\/2025\/04\/img-20250404-wa01472823028616429509718-1024x768.jpg 1024w, https:\/\/plumanegranoticias.com\/wp-content\/uploads\/2025\/04\/img-20250404-wa01472823028616429509718-300x225.jpg 300w, https:\/\/plumanegranoticias.com\/wp-content\/uploads\/2025\/04\/img-20250404-wa01472823028616429509718-768x576.jpg 768w, https:\/\/plumanegranoticias.com\/wp-content\/uploads\/2025\/04\/img-20250404-wa01472823028616429509718-1536x1152.jpg 1536w, https:\/\/plumanegranoticias.com\/wp-content\/uploads\/2025\/04\/img-20250404-wa01472823028616429509718-400x300.jpg 400w, https:\/\/plumanegranoticias.com\/wp-content\/uploads\/2025\/04\/img-20250404-wa01472823028616429509718.jpg 1600w\" sizes=\"auto, (max-width: 1024px) 100vw, 1024px\" \/><\/figure>\n\n\n\n\n\n<figure class=\"wp-block-video\"><video height=\"1296\" style=\"aspect-ratio: 720 \/ 1296;\" width=\"720\" controls src=\"https:\/\/plumanegranoticias.com\/wp-content\/uploads\/2025\/04\/VID-20250404-WA0154.mp4\"><\/video><\/figure>\n","protected":false},"excerpt":{"rendered":"<p>Maltrata, Ver.- Un incendio se registra en los l\u00edmites de Maltrata y Aquila, en un \u00e1rea conocida como \u201cRancho Verde\u201d. Hasta el momento, se desconoce la causa del siniestro, pero autoridades y cuerpos de emergencia ya trabajan en el lugar para controlar las llamas. Protecci\u00f3n Civil ha emitido una alerta recomendando a la poblaci\u00f3n evitar&#8230; <\/p>\n<div class=\"clear\"><\/div>\n<p><a href=\"https:\/\/plumanegranoticias.com\/?p=9734\" class=\"excerpt-read-more\">Read More<i class=\"fa fa-caret-right icon-caret-right\"><\/i><\/a><\/p>\n","protected":false},"author":2,"featured_media":9736,"comment_status":"open","ping_status":"open","sticky":false,"template":"","format":"standard","meta":{"om_disable_all_campaigns":false,"_monsterinsights_skip_tracking":false,"_monsterinsights_sitenote_active":false,"_monsterinsights_sitenote_note":"","_monsterinsights_sitenote_category":0,"_uf_show_specific_survey":0,"_uf_disable_surveys":false,"footnotes":""},"categories":[8,12],"tags":[35,37],"class_list":["post-9734","post","type-post","status-publish","format-standard","has-post-thumbnail","hentry","category-politica","category-regional","tag-dinero","tag-editorial"],"aioseo_notices":[],"_links":{"self":[{"href":"https:\/\/plumanegranoticias.com\/index.php?rest_route=\/wp\/v2\/posts\/9734","targetHints":{"allow":["GET"]}}],"collection":[{"href":"https:\/\/plumanegranoticias.com\/index.php?rest_route=\/wp\/v2\/posts"}],"about":[{"href":"https:\/\/plumanegranoticias.com\/index.php?rest_route=\/wp\/v2\/types\/post"}],"author":[{"embeddable":true,"href":"https:\/\/plumanegranoticias.com\/index.php?rest_route=\/wp\/v2\/users\/2"}],"replies":[{"embeddable":true,"href":"https:\/\/plumanegranoticias.com\/index.php?rest_route=%2Fwp%2Fv2%2Fcomments&post=9734"}],"version-history":[{"count":1,"href":"https:\/\/plumanegranoticias.com\/index.php?rest_route=\/wp\/v2\/posts\/9734\/revisions"}],"predecessor-version":[{"id":9735,"href":"https:\/\/plumanegranoticias.com\/index.php?rest_route=\/wp\/v2\/posts\/9734\/revisions\/9735"}],"wp:featuredmedia":[{"embeddable":true,"href":"https:\/\/plumanegranoticias.com\/index.php?rest_route=\/wp\/v2\/media\/9736"}],"wp:attachment":[{"href":"https:\/\/plumanegranoticias.com\/index.php?rest_route=%2Fwp%2Fv2%2Fmedia&parent=9734"}],"wp:term":[{"taxonomy":"category","embeddable":true,"href":"https:\/\/plumanegranoticias.com\/index.php?rest_route=%2Fwp%2Fv2%2Fcategories&post=9734"},{"taxonomy":"post_tag","embeddable":true,"href":"https:\/\/plumanegranoticias.com\/index.php?rest_route=%2Fwp%2Fv2%2Ftags&post=9734"}],"curies":[{"name":"wp","href":"https:\/\/api.w.org\/{rel}","templated":true}]}}