{"id":9754,"date":"2025-04-05T15:25:56","date_gmt":"2025-04-05T21:25:56","guid":{"rendered":"https:\/\/plumanegranoticias.com\/?p=9754"},"modified":"2025-04-05T15:26:34","modified_gmt":"2025-04-05T21:26:34","slug":"seguiremos-el-proyecto-y-legado-de-andres-valencia-senala-eloisa-zetina-al-registrarse-como-candidata-a-la-alcaldia-de-san-juan-evangelista","status":"publish","type":"post","link":"https:\/\/plumanegranoticias.com\/?p=9754","title":{"rendered":"Seguiremos el proyecto y legado de Andr\u00e9s Valencia, se\u00f1ala Elo\u00edsa Zetina al registrarse como candidata a la alcald\u00eda de San Juan Evangelista"},"content":{"rendered":"\n<p>Alejandro \u00c1vila<\/p>\n\n\n\n<p>San Juan Evangelista, Ver.- Una multitud de personas acompa\u00f1aron a Elo\u00edsa Zetina G\u00f3mez para realizar su registro como candidata de la coalici\u00f3n Partido Verde Ecologista de M\u00e9xico\u2014Morena a las instalaciones del Organismo P\u00fablico Local Electoral (OPLE) de San Juan Evangelista.<\/p>\n\n\n\n<p>Do\u00f1a Elo, como popularmente es conocida, se anot\u00f3 para la Presidencia Municipal de San Juan Evangelista, llevando como s\u00edndico a Ricardo Coello Saure, joven muy estimado y querido en la tierra de San Juan Evangelista, originario de Achotal de Moreno.<\/p>\n\n\n\n<p>Al tomar la palabra para agradecer a quienes la acompa\u00f1aron, reiter\u00f3 que buscar\u00e1 gobernar San Juan Evangelista para retomar el proyecto de su finado esposo, el ex alcalde Andr\u00e9s Valencia R\u00edos, quien fuera asesinado cobardemente hace un a\u00f1o, y que era el virtual candidato para retomar la Presidencia municipal de San Juan Evangelista en 2025.<\/p>\n\n\n\n<p>Ahora es su esposa, Elo\u00edsa Zetina G\u00f3mez, la que retoma el caminar de don Andr\u00e9s Valencia R\u00edos, y el pueblo de San Juan ya le dio su aprobaci\u00f3n, pues fueron decenas de personas de las comunidades y de las cabecera las que se volcaron en una gran ola verde para respaldar a do\u00f1a Elo en su primer acto p\u00fablico como aspirante a reemplazar en el cargo a Justino Guill\u00e9n Lagunes.<\/p>\n\n\n\n<p>Entre porras, bailes, batucadas y un ambiente festivo, San Juan Evangelista demostr\u00f3 el gran apoyo, el cari\u00f1o y el amor que le tienen a do\u00f1a Elo\u00edsa Zetina G\u00f3mez por que ha hecho suyo el proyecto de Andr\u00e9s Valencia R\u00edos, quien es recordado por su gran trabajo en materia de seguridad y por que en cada pueblo, por chiquito que fuera, dej\u00f3 una obra.<\/p>\n\n\n\n<p>Elo\u00edsa Zetina G\u00f3mez es una mujer de trabajo, que actualmente se ven\u00eda desempe\u00f1ando como s\u00edndica del ayuntamiento de San Juan, en donde siempre se distingui\u00f3 por su don de gente, la proximidad a las personas con problemas, el apoyo a las causas m\u00e1s nobles y que es una mujer incansable para trabajar<\/p>\n\n\n\n<p>\u201cSeguiremos luchando para transformar a San Juan Evangelista con m\u00e1s obras y el apoyo de todos ustedes\u2026 creanme, no los defraudar\u00e9\u201d, dijo al salir de las instalaciones del OPLE al concretar le registro de su planilla<\/p>\n\n\n\n<figure class=\"wp-block-image size-large\"><img loading=\"lazy\" decoding=\"async\" width=\"1024\" height=\"768\" src=\"https:\/\/plumanegranoticias.com\/wp-content\/uploads\/2025\/04\/img-20250405-wa01017831444529316726534-1024x768.jpg\" alt=\"\" class=\"wp-image-9753\" srcset=\"https:\/\/plumanegranoticias.com\/wp-content\/uploads\/2025\/04\/img-20250405-wa01017831444529316726534-1024x768.jpg 1024w, https:\/\/plumanegranoticias.com\/wp-content\/uploads\/2025\/04\/img-20250405-wa01017831444529316726534-300x225.jpg 300w, https:\/\/plumanegranoticias.com\/wp-content\/uploads\/2025\/04\/img-20250405-wa01017831444529316726534-768x576.jpg 768w, https:\/\/plumanegranoticias.com\/wp-content\/uploads\/2025\/04\/img-20250405-wa01017831444529316726534-1536x1152.jpg 1536w, https:\/\/plumanegranoticias.com\/wp-content\/uploads\/2025\/04\/img-20250405-wa01017831444529316726534-400x300.jpg 400w, https:\/\/plumanegranoticias.com\/wp-content\/uploads\/2025\/04\/img-20250405-wa01017831444529316726534.jpg 1600w\" sizes=\"auto, (max-width: 1024px) 100vw, 1024px\" \/><\/figure>\n","protected":false},"excerpt":{"rendered":"<p>Alejandro \u00c1vila San Juan Evangelista, Ver.- Una multitud de personas acompa\u00f1aron a Elo\u00edsa Zetina G\u00f3mez para realizar su registro como candidata de la coalici\u00f3n Partido Verde Ecologista de M\u00e9xico\u2014Morena a las instalaciones del Organismo P\u00fablico Local Electoral (OPLE) de San Juan Evangelista. Do\u00f1a Elo, como popularmente es conocida, se anot\u00f3 para la Presidencia Municipal de&#8230; <\/p>\n<div class=\"clear\"><\/div>\n<p><a href=\"https:\/\/plumanegranoticias.com\/?p=9754\" class=\"excerpt-read-more\">Read More<i class=\"fa fa-caret-right icon-caret-right\"><\/i><\/a><\/p>\n","protected":false},"author":2,"featured_media":9752,"comment_status":"open","ping_status":"open","sticky":false,"template":"","format":"standard","meta":{"om_disable_all_campaigns":false,"_monsterinsights_skip_tracking":false,"_monsterinsights_sitenote_active":false,"_monsterinsights_sitenote_note":"","_monsterinsights_sitenote_category":0,"_uf_show_specific_survey":0,"_uf_disable_surveys":false,"footnotes":""},"categories":[67,8,12],"tags":[61,19],"class_list":["post-9754","post","type-post","status-publish","format-standard","has-post-thumbnail","hentry","category-policiaca","category-politica","category-regional","tag-politica","tag-regional"],"aioseo_notices":[],"_links":{"self":[{"href":"https:\/\/plumanegranoticias.com\/index.php?rest_route=\/wp\/v2\/posts\/9754","targetHints":{"allow":["GET"]}}],"collection":[{"href":"https:\/\/plumanegranoticias.com\/index.php?rest_route=\/wp\/v2\/posts"}],"about":[{"href":"https:\/\/plumanegranoticias.com\/index.php?rest_route=\/wp\/v2\/types\/post"}],"author":[{"embeddable":true,"href":"https:\/\/plumanegranoticias.com\/index.php?rest_route=\/wp\/v2\/users\/2"}],"replies":[{"embeddable":true,"href":"https:\/\/plumanegranoticias.com\/index.php?rest_route=%2Fwp%2Fv2%2Fcomments&post=9754"}],"version-history":[{"count":1,"href":"https:\/\/plumanegranoticias.com\/index.php?rest_route=\/wp\/v2\/posts\/9754\/revisions"}],"predecessor-version":[{"id":9755,"href":"https:\/\/plumanegranoticias.com\/index.php?rest_route=\/wp\/v2\/posts\/9754\/revisions\/9755"}],"wp:featuredmedia":[{"embeddable":true,"href":"https:\/\/plumanegranoticias.com\/index.php?rest_route=\/wp\/v2\/media\/9752"}],"wp:attachment":[{"href":"https:\/\/plumanegranoticias.com\/index.php?rest_route=%2Fwp%2Fv2%2Fmedia&parent=9754"}],"wp:term":[{"taxonomy":"category","embeddable":true,"href":"https:\/\/plumanegranoticias.com\/index.php?rest_route=%2Fwp%2Fv2%2Fcategories&post=9754"},{"taxonomy":"post_tag","embeddable":true,"href":"https:\/\/plumanegranoticias.com\/index.php?rest_route=%2Fwp%2Fv2%2Ftags&post=9754"}],"curies":[{"name":"wp","href":"https:\/\/api.w.org\/{rel}","templated":true}]}}