{"id":9785,"date":"2025-04-07T13:09:20","date_gmt":"2025-04-07T19:09:20","guid":{"rendered":"https:\/\/plumanegranoticias.com\/?p=9785"},"modified":"2025-04-07T13:10:55","modified_gmt":"2025-04-07T19:10:55","slug":"en-veracruz-puerto-escapa-de-su-custodio-sujeto-acusado-de-intento-de-feminicidio","status":"publish","type":"post","link":"https:\/\/plumanegranoticias.com\/?p=9785","title":{"rendered":"En Veracruz puerto escapa de su custodio sujeto acusado de intento de feminicidio"},"content":{"rendered":"\n<p>Alejandro \u00c1vila<\/p>\n\n\n\n<p>Veracruz, Ver.- A una semana de dict\u00e1rsele sentencia un sujeto acusado de intento de feminicidio y bajo la medida cautelar de arraigo domiciliario, un sujeto escap\u00f3 de su custodio la madrugada de este s\u00e1bado en una colonia del Puerto de Veracruz.<\/p>\n\n\n\n<p>Sebasti\u00e1n &#8220;N&#8221; detenido en febrero del 2022 tras agredir a la se\u00f1ora Mirna en la colonia Lomas del Coyol, escap\u00f3 de su custodio la madrugada de este s\u00e1bado, al elemento de la Secretar\u00eda de Seguridad P\u00fablica se le cay\u00f3 su arma y no logr\u00f3 darle alcance al presunto agresor.<\/p>\n\n\n\n<p>Mirna relat\u00f3 que las agresiones que sufri\u00f3 iniciaron desde a\u00f1os antes, por lo que ingres\u00f3 varias denuncias, y fueron escalando a agresiones f\u00edsicas, a principios del 2022 Sebasti\u00e1n la derrib\u00f3 y golpe\u00f3 en el suelo, y de no ser por unas personas que intervinieron para ayudarla, posiblemente le hubiera ido peor.<\/p>\n\n\n\n<p>En videos difundidos se observa como Sebasti\u00e1n escapa de su custodio, as\u00ed tambi\u00e9n, otro video parte de las agresiones que sufri\u00f3 la se\u00f1ora Mirna.<\/p>\n\n\n\n<p>Por lo que hace un llamado a las autoridades para que capturen este sujeto que es peligroso, ya que teme que regrese a hacerle da\u00f1o a ella o a su familia.<\/p>\n\n\n\n<p>Sebasti\u00e1n &#8220;N&#8221; se encontraba bajo la medida cautelar de Prisi\u00f3n Preventiva y esta se modific\u00f3 el a\u00f1o pasado al de arraigo domiciliario, ya esta semana se dicta la sentencia del juicio 104\/2024.<\/p>\n\n\n\n<figure class=\"wp-block-video\"><video height=\"478\" style=\"aspect-ratio: 848 \/ 478;\" width=\"848\" controls src=\"https:\/\/plumanegranoticias.com\/wp-content\/uploads\/2025\/04\/VID-20250407-WA0140.mp4\"><\/video><\/figure>\n\n\n","protected":false},"excerpt":{"rendered":"<p>Alejandro \u00c1vila Veracruz, Ver.- A una semana de dict\u00e1rsele sentencia un sujeto acusado de intento de feminicidio y bajo la medida cautelar de arraigo domiciliario, un sujeto escap\u00f3 de su custodio la madrugada de este s\u00e1bado en una colonia del Puerto de Veracruz. Sebasti\u00e1n &#8220;N&#8221; detenido en febrero del 2022 tras agredir a la se\u00f1ora&#8230; <\/p>\n<div class=\"clear\"><\/div>\n<p><a href=\"https:\/\/plumanegranoticias.com\/?p=9785\" class=\"excerpt-read-more\">Read More<i class=\"fa fa-caret-right icon-caret-right\"><\/i><\/a><\/p>\n","protected":false},"author":2,"featured_media":9787,"comment_status":"open","ping_status":"open","sticky":false,"template":"","format":"standard","meta":{"om_disable_all_campaigns":false,"_monsterinsights_skip_tracking":false,"_monsterinsights_sitenote_active":false,"_monsterinsights_sitenote_note":"","_monsterinsights_sitenote_category":0,"_uf_show_specific_survey":0,"_uf_disable_surveys":false,"footnotes":""},"categories":[8,12],"tags":[18,34,61],"class_list":["post-9785","post","type-post","status-publish","format-standard","has-post-thumbnail","hentry","category-politica","category-regional","tag-noticia","tag-policiaca","tag-politica"],"aioseo_notices":[],"_links":{"self":[{"href":"https:\/\/plumanegranoticias.com\/index.php?rest_route=\/wp\/v2\/posts\/9785","targetHints":{"allow":["GET"]}}],"collection":[{"href":"https:\/\/plumanegranoticias.com\/index.php?rest_route=\/wp\/v2\/posts"}],"about":[{"href":"https:\/\/plumanegranoticias.com\/index.php?rest_route=\/wp\/v2\/types\/post"}],"author":[{"embeddable":true,"href":"https:\/\/plumanegranoticias.com\/index.php?rest_route=\/wp\/v2\/users\/2"}],"replies":[{"embeddable":true,"href":"https:\/\/plumanegranoticias.com\/index.php?rest_route=%2Fwp%2Fv2%2Fcomments&post=9785"}],"version-history":[{"count":1,"href":"https:\/\/plumanegranoticias.com\/index.php?rest_route=\/wp\/v2\/posts\/9785\/revisions"}],"predecessor-version":[{"id":9786,"href":"https:\/\/plumanegranoticias.com\/index.php?rest_route=\/wp\/v2\/posts\/9785\/revisions\/9786"}],"wp:featuredmedia":[{"embeddable":true,"href":"https:\/\/plumanegranoticias.com\/index.php?rest_route=\/wp\/v2\/media\/9787"}],"wp:attachment":[{"href":"https:\/\/plumanegranoticias.com\/index.php?rest_route=%2Fwp%2Fv2%2Fmedia&parent=9785"}],"wp:term":[{"taxonomy":"category","embeddable":true,"href":"https:\/\/plumanegranoticias.com\/index.php?rest_route=%2Fwp%2Fv2%2Fcategories&post=9785"},{"taxonomy":"post_tag","embeddable":true,"href":"https:\/\/plumanegranoticias.com\/index.php?rest_route=%2Fwp%2Fv2%2Ftags&post=9785"}],"curies":[{"name":"wp","href":"https:\/\/api.w.org\/{rel}","templated":true}]}}