{"id":9798,"date":"2025-04-07T13:34:13","date_gmt":"2025-04-07T19:34:13","guid":{"rendered":"https:\/\/plumanegranoticias.com\/?p=9798"},"modified":"2025-04-07T13:34:35","modified_gmt":"2025-04-07T19:34:35","slug":"rocio-nahle-apoya-al-carnaval-de-veracruz","status":"publish","type":"post","link":"https:\/\/plumanegranoticias.com\/?p=9798","title":{"rendered":"ROCIO NAHLE APOYA AL CARNAVAL DE VERACRUZ"},"content":{"rendered":"\n<p><em>Roc\u00edo s\u00ed va a ir al Carnaval de Veracruz<\/em><\/p>\n\n\n\n<p><em>Apoyar\u00e1 en lo que le pida el Ayuntamiento, hasta este momento no le han pedido nada<\/em><\/p>\n\n\n\n<p>\u00c1ngeles Gonz\u00e1lez Ceballos<br>Xalapa, Ver., A diferencia del exgobernador Cuitl\u00e1huac Garc\u00eda Jim\u00e9nez, quien nunca asisti\u00f3 al Carnaval de Veracruz, la gobernadora Roc\u00edo Nahle adelant\u00f3 que ella s\u00ed va a asistir.<\/p>\n\n\n\n<p>&#8220;Claro, c\u00f3mo nos lo vamos a perder el Carnaval, ayer fue el (cierre) del carnaval de Minatitl\u00e1n. Estaba viendo que cerraron con Juli\u00f3n \u00c1lvarez y se ve mucha gente, me invit\u00f3 Carmen Medel, pero no pude asistir, pero al de Veracruz con mucho gusto vamos a asistir&#8221;, coment\u00f3.<\/p>\n\n\n\n<p>Indic\u00f3 que hasta este momento el ayuntamiento de Veracruz no le ha solicitado ning\u00fan tipo de apoyo para la organizaci\u00f3n, pero adelant\u00f3 que se les dar\u00e1 todo lo que le pidan.<\/p>\n\n\n\n<p>La Gobernadora manifest\u00f3 que su administraci\u00f3n est\u00e1 trabajando en materia de turismo, ya que eso genera importantes divisas.<\/p>\n\n\n\n<p>Refiri\u00f3 como ejemplo los conciertos que dio la cantante colombiana Shakira en la Ciudad de M\u00e9xico y que gener\u00f3 una derrama econ\u00f3mica de 3 mil 200 millones de pesos.<\/p>\n\n\n\n<p>&#8220;Esa es otra manera, entonces nosotros traemos mes con mes un tema tur\u00edstico.<\/p>\n\n\n\n<p>El Carnaval de Veracruz claro que tiene que ser el mejor, si ya lo estaba peleando Mazatl\u00e1n, quien sabe por qu\u00e9. Vamos a echarle ganas, es Veracruz y yo voy a apoyar todo lo que sea de Veracruz&#8221;, enfatiz\u00f3.<\/p>\n\n\n\n<figure class=\"wp-block-image size-large\"><img loading=\"lazy\" decoding=\"async\" width=\"1024\" height=\"768\" src=\"https:\/\/plumanegranoticias.com\/wp-content\/uploads\/2025\/04\/img-20250407-wa01151651194096212680182-1024x768.jpg\" alt=\"\" class=\"wp-image-9797\" srcset=\"https:\/\/plumanegranoticias.com\/wp-content\/uploads\/2025\/04\/img-20250407-wa01151651194096212680182-1024x768.jpg 1024w, https:\/\/plumanegranoticias.com\/wp-content\/uploads\/2025\/04\/img-20250407-wa01151651194096212680182-300x225.jpg 300w, https:\/\/plumanegranoticias.com\/wp-content\/uploads\/2025\/04\/img-20250407-wa01151651194096212680182-768x576.jpg 768w, https:\/\/plumanegranoticias.com\/wp-content\/uploads\/2025\/04\/img-20250407-wa01151651194096212680182-400x300.jpg 400w, https:\/\/plumanegranoticias.com\/wp-content\/uploads\/2025\/04\/img-20250407-wa01151651194096212680182.jpg 1280w\" sizes=\"auto, (max-width: 1024px) 100vw, 1024px\" \/><\/figure>\n","protected":false},"excerpt":{"rendered":"<p>Roc\u00edo s\u00ed va a ir al Carnaval de Veracruz Apoyar\u00e1 en lo que le pida el Ayuntamiento, hasta este momento no le han pedido nada \u00c1ngeles Gonz\u00e1lez CeballosXalapa, Ver., A diferencia del exgobernador Cuitl\u00e1huac Garc\u00eda Jim\u00e9nez, quien nunca asisti\u00f3 al Carnaval de Veracruz, la gobernadora Roc\u00edo Nahle adelant\u00f3 que ella s\u00ed va a asistir. &#8220;Claro,&#8230; <\/p>\n<div class=\"clear\"><\/div>\n<p><a href=\"https:\/\/plumanegranoticias.com\/?p=9798\" class=\"excerpt-read-more\">Read More<i class=\"fa fa-caret-right icon-caret-right\"><\/i><\/a><\/p>\n","protected":false},"author":2,"featured_media":9800,"comment_status":"open","ping_status":"open","sticky":false,"template":"","format":"standard","meta":{"om_disable_all_campaigns":false,"_monsterinsights_skip_tracking":false,"_monsterinsights_sitenote_active":false,"_monsterinsights_sitenote_note":"","_monsterinsights_sitenote_category":0,"_uf_show_specific_survey":0,"_uf_disable_surveys":false,"footnotes":""},"categories":[8,12],"tags":[61,19],"class_list":["post-9798","post","type-post","status-publish","format-standard","has-post-thumbnail","hentry","category-politica","category-regional","tag-politica","tag-regional"],"aioseo_notices":[],"_links":{"self":[{"href":"https:\/\/plumanegranoticias.com\/index.php?rest_route=\/wp\/v2\/posts\/9798","targetHints":{"allow":["GET"]}}],"collection":[{"href":"https:\/\/plumanegranoticias.com\/index.php?rest_route=\/wp\/v2\/posts"}],"about":[{"href":"https:\/\/plumanegranoticias.com\/index.php?rest_route=\/wp\/v2\/types\/post"}],"author":[{"embeddable":true,"href":"https:\/\/plumanegranoticias.com\/index.php?rest_route=\/wp\/v2\/users\/2"}],"replies":[{"embeddable":true,"href":"https:\/\/plumanegranoticias.com\/index.php?rest_route=%2Fwp%2Fv2%2Fcomments&post=9798"}],"version-history":[{"count":1,"href":"https:\/\/plumanegranoticias.com\/index.php?rest_route=\/wp\/v2\/posts\/9798\/revisions"}],"predecessor-version":[{"id":9799,"href":"https:\/\/plumanegranoticias.com\/index.php?rest_route=\/wp\/v2\/posts\/9798\/revisions\/9799"}],"wp:featuredmedia":[{"embeddable":true,"href":"https:\/\/plumanegranoticias.com\/index.php?rest_route=\/wp\/v2\/media\/9800"}],"wp:attachment":[{"href":"https:\/\/plumanegranoticias.com\/index.php?rest_route=%2Fwp%2Fv2%2Fmedia&parent=9798"}],"wp:term":[{"taxonomy":"category","embeddable":true,"href":"https:\/\/plumanegranoticias.com\/index.php?rest_route=%2Fwp%2Fv2%2Fcategories&post=9798"},{"taxonomy":"post_tag","embeddable":true,"href":"https:\/\/plumanegranoticias.com\/index.php?rest_route=%2Fwp%2Fv2%2Ftags&post=9798"}],"curies":[{"name":"wp","href":"https:\/\/api.w.org\/{rel}","templated":true}]}}