{"id":9833,"date":"2025-04-08T11:43:09","date_gmt":"2025-04-08T17:43:09","guid":{"rendered":"https:\/\/plumanegranoticias.com\/?p=9833"},"modified":"2025-04-08T11:43:24","modified_gmt":"2025-04-08T17:43:24","slug":"hacen-via-crucis-por-dilacion-en-investigacion-por-desalojo-de-habitantes-de-las-minas","status":"publish","type":"post","link":"https:\/\/plumanegranoticias.com\/?p=9833","title":{"rendered":"Hacen &#8220;Via Crucis por dilaci\u00f3n en investigaci\u00f3n por desalojo de habitantes de Las Minas"},"content":{"rendered":"\n<p>\u00c1ngeles Gonz\u00e1lez Ceballos<br \/>Xalapa, Ver., Habitantes del fraccionamiento ecol\u00f3gico Las Minas, se manifestaron nuevamente para denunciar que les volvieron a posponer la audiencia en Pacho Viejo.<\/p>\n\n\n\n<p>Los inconformes hicieron una especie de Via Crucis al llegar con una cruz de metal, sin hablar, adem\u00e1s de que llegaron encadenados.<\/p>\n\n\n\n<p>El fraccionamiento est\u00e1 ubicado en camino a El Tronconal y hoy al igual que en otras ocasiones, indicaron que son alrededor de 30 familias que fueron desalojadas a pesar de contar con la posesi\u00f3n de una fracci\u00f3n del terreno desde hace 25 a\u00f1os.<\/p>\n\n\n\n<p>La cesi\u00f3n de derechos fue otorgada por el se\u00f1or Timoteo Bartolo Mej\u00eda Jim\u00e9nez, sin embargo, su hijo, Eloy Mej\u00eda D\u00edaz, present\u00f3 una denuncia por el presunto delito de despojo de dicho predio.<\/p>\n\n\n\n<p>El pasado 25 de mayo del 2024, Mej\u00eda D\u00edaz lleg\u00f3 a bordo de su veh\u00edculo particular con un supuesto grupo de personas armadas a cerrar las casas con cadenas, por lo que present\u00f3 una denuncia, pero hasta este momento la carpeta de investigaci\u00f3n no ha avanzado.<\/p>\n\n\n\n<p>&#8220;Llegaron con machetes, junto con una patrulla de la Polic\u00eda Municipal y cerraron las casas de las compa\u00f1eras, dejando a ni\u00f1os en la calle&#8221;, indicaron este martes.<\/p>\n\n\n\n<p>Una de las afectadas dijo que est\u00e1 viviendo en un local de pollos gracias a que se lo prestaron, por lo que ah\u00ed est\u00e1 con sus hijos cuando tiene su casa, pero no la dejan entrar por este litigio.<\/p>\n\n\n\n<p>Ah\u00ed refirieron que este lunes se ten\u00eda que realizar una audiencia, pero por cuarta ocasi\u00f3n la suspendieron y les dieron cita para el 23 de abril.<\/p>\n\n\n\n<p>Rafael V\u00e1zquez V\u00e1zquez lleg\u00f3 caminando por la calle Enr\u00edquez, cargando una cruz junto con las madres de familia, quienes luego cerraron la vialidad.<\/p>\n\n\n\n<p>Los habitantes del fraccionamiento quieren ser atendidos por las autoridades del gobierno del Estado para evitar que se suspendan las audiencias y puedan ser liberadas las viviendas.<\/p>\n\n\n\n<p>V\u00e1zquez V\u00e1zquez es padre de Dorian V\u00e1zquez Lara, quien fue asesinado el 30 de marzo del 2020, pero no ha logrado justicia por este caso.<\/p>\n\n\n\n<figure class=\"wp-block-image size-large\"><img loading=\"lazy\" decoding=\"async\" width=\"1024\" height=\"768\" src=\"https:\/\/plumanegranoticias.com\/wp-content\/uploads\/2025\/04\/img-20250408-wa01156254653321342686365-1024x768.jpg\" alt=\"\" class=\"wp-image-9827\" srcset=\"https:\/\/plumanegranoticias.com\/wp-content\/uploads\/2025\/04\/img-20250408-wa01156254653321342686365-1024x768.jpg 1024w, https:\/\/plumanegranoticias.com\/wp-content\/uploads\/2025\/04\/img-20250408-wa01156254653321342686365-300x225.jpg 300w, https:\/\/plumanegranoticias.com\/wp-content\/uploads\/2025\/04\/img-20250408-wa01156254653321342686365-768x576.jpg 768w, https:\/\/plumanegranoticias.com\/wp-content\/uploads\/2025\/04\/img-20250408-wa01156254653321342686365-400x300.jpg 400w, https:\/\/plumanegranoticias.com\/wp-content\/uploads\/2025\/04\/img-20250408-wa01156254653321342686365.jpg 1280w\" sizes=\"auto, (max-width: 1024px) 100vw, 1024px\" \/><\/figure>\n\n\n\n<figure class=\"wp-block-image\"><img loading=\"lazy\" decoding=\"async\" width=\"1024\" height=\"576\" src=\"https:\/\/plumanegranoticias.com\/wp-content\/uploads\/2025\/04\/img-20250408-wa01144416851735033762568-1024x576.jpg\" alt=\"\" class=\"wp-image-9828\" srcset=\"https:\/\/plumanegranoticias.com\/wp-content\/uploads\/2025\/04\/img-20250408-wa01144416851735033762568-1024x576.jpg 1024w, https:\/\/plumanegranoticias.com\/wp-content\/uploads\/2025\/04\/img-20250408-wa01144416851735033762568-300x169.jpg 300w, https:\/\/plumanegranoticias.com\/wp-content\/uploads\/2025\/04\/img-20250408-wa01144416851735033762568-768x432.jpg 768w, https:\/\/plumanegranoticias.com\/wp-content\/uploads\/2025\/04\/img-20250408-wa01144416851735033762568.jpg 1280w\" sizes=\"auto, (max-width: 1024px) 100vw, 1024px\" \/><\/figure>\n\n\n\n<figure class=\"wp-block-image\"><img loading=\"lazy\" decoding=\"async\" width=\"1024\" height=\"576\" src=\"https:\/\/plumanegranoticias.com\/wp-content\/uploads\/2025\/04\/img-20250408-wa01111707083183309006419-1024x576.jpg\" alt=\"\" class=\"wp-image-9829\" srcset=\"https:\/\/plumanegranoticias.com\/wp-content\/uploads\/2025\/04\/img-20250408-wa01111707083183309006419-1024x576.jpg 1024w, https:\/\/plumanegranoticias.com\/wp-content\/uploads\/2025\/04\/img-20250408-wa01111707083183309006419-300x169.jpg 300w, https:\/\/plumanegranoticias.com\/wp-content\/uploads\/2025\/04\/img-20250408-wa01111707083183309006419-768x432.jpg 768w, https:\/\/plumanegranoticias.com\/wp-content\/uploads\/2025\/04\/img-20250408-wa01111707083183309006419.jpg 1280w\" sizes=\"auto, (max-width: 1024px) 100vw, 1024px\" \/><\/figure>\n\n\n\n<figure class=\"wp-block-image\"><img loading=\"lazy\" decoding=\"async\" width=\"1024\" height=\"576\" src=\"https:\/\/plumanegranoticias.com\/wp-content\/uploads\/2025\/04\/img-20250408-wa01123947615697806492729-1024x576.jpg\" alt=\"\" class=\"wp-image-9830\" srcset=\"https:\/\/plumanegranoticias.com\/wp-content\/uploads\/2025\/04\/img-20250408-wa01123947615697806492729-1024x576.jpg 1024w, https:\/\/plumanegranoticias.com\/wp-content\/uploads\/2025\/04\/img-20250408-wa01123947615697806492729-300x169.jpg 300w, https:\/\/plumanegranoticias.com\/wp-content\/uploads\/2025\/04\/img-20250408-wa01123947615697806492729-768x432.jpg 768w, https:\/\/plumanegranoticias.com\/wp-content\/uploads\/2025\/04\/img-20250408-wa01123947615697806492729.jpg 1280w\" sizes=\"auto, (max-width: 1024px) 100vw, 1024px\" \/><\/figure>\n\n\n\n<figure class=\"wp-block-image\"><img loading=\"lazy\" decoding=\"async\" width=\"1024\" height=\"768\" src=\"https:\/\/plumanegranoticias.com\/wp-content\/uploads\/2025\/04\/img-20250408-wa01134071067212406290173-1024x768.jpg\" alt=\"\" class=\"wp-image-9831\" srcset=\"https:\/\/plumanegranoticias.com\/wp-content\/uploads\/2025\/04\/img-20250408-wa01134071067212406290173-1024x768.jpg 1024w, https:\/\/plumanegranoticias.com\/wp-content\/uploads\/2025\/04\/img-20250408-wa01134071067212406290173-300x225.jpg 300w, https:\/\/plumanegranoticias.com\/wp-content\/uploads\/2025\/04\/img-20250408-wa01134071067212406290173-768x576.jpg 768w, https:\/\/plumanegranoticias.com\/wp-content\/uploads\/2025\/04\/img-20250408-wa01134071067212406290173-400x300.jpg 400w, https:\/\/plumanegranoticias.com\/wp-content\/uploads\/2025\/04\/img-20250408-wa01134071067212406290173.jpg 1280w\" sizes=\"auto, (max-width: 1024px) 100vw, 1024px\" \/><\/figure>\n","protected":false},"excerpt":{"rendered":"<p>\u00c1ngeles Gonz\u00e1lez CeballosXalapa, Ver., Habitantes del fraccionamiento ecol\u00f3gico Las Minas, se manifestaron nuevamente para denunciar que les volvieron a posponer la audiencia en Pacho Viejo. Los inconformes hicieron una especie de Via Crucis al llegar con una cruz de metal, sin hablar, adem\u00e1s de que llegaron encadenados. El fraccionamiento est\u00e1 ubicado en camino a El&#8230; <\/p>\n<div class=\"clear\"><\/div>\n<p><a href=\"https:\/\/plumanegranoticias.com\/?p=9833\" class=\"excerpt-read-more\">Read More<i class=\"fa fa-caret-right icon-caret-right\"><\/i><\/a><\/p>\n","protected":false},"author":2,"featured_media":9832,"comment_status":"open","ping_status":"open","sticky":false,"template":"","format":"standard","meta":{"om_disable_all_campaigns":false,"_monsterinsights_skip_tracking":false,"_monsterinsights_sitenote_active":false,"_monsterinsights_sitenote_note":"","_monsterinsights_sitenote_category":0,"_uf_show_specific_survey":0,"_uf_disable_surveys":false,"footnotes":""},"categories":[67,8,12],"tags":[30,34,61],"class_list":["post-9833","post","type-post","status-publish","format-standard","has-post-thumbnail","hentry","category-policiaca","category-politica","category-regional","tag-plumazos","tag-policiaca","tag-politica"],"aioseo_notices":[],"_links":{"self":[{"href":"https:\/\/plumanegranoticias.com\/index.php?rest_route=\/wp\/v2\/posts\/9833","targetHints":{"allow":["GET"]}}],"collection":[{"href":"https:\/\/plumanegranoticias.com\/index.php?rest_route=\/wp\/v2\/posts"}],"about":[{"href":"https:\/\/plumanegranoticias.com\/index.php?rest_route=\/wp\/v2\/types\/post"}],"author":[{"embeddable":true,"href":"https:\/\/plumanegranoticias.com\/index.php?rest_route=\/wp\/v2\/users\/2"}],"replies":[{"embeddable":true,"href":"https:\/\/plumanegranoticias.com\/index.php?rest_route=%2Fwp%2Fv2%2Fcomments&post=9833"}],"version-history":[{"count":1,"href":"https:\/\/plumanegranoticias.com\/index.php?rest_route=\/wp\/v2\/posts\/9833\/revisions"}],"predecessor-version":[{"id":9834,"href":"https:\/\/plumanegranoticias.com\/index.php?rest_route=\/wp\/v2\/posts\/9833\/revisions\/9834"}],"wp:featuredmedia":[{"embeddable":true,"href":"https:\/\/plumanegranoticias.com\/index.php?rest_route=\/wp\/v2\/media\/9832"}],"wp:attachment":[{"href":"https:\/\/plumanegranoticias.com\/index.php?rest_route=%2Fwp%2Fv2%2Fmedia&parent=9833"}],"wp:term":[{"taxonomy":"category","embeddable":true,"href":"https:\/\/plumanegranoticias.com\/index.php?rest_route=%2Fwp%2Fv2%2Fcategories&post=9833"},{"taxonomy":"post_tag","embeddable":true,"href":"https:\/\/plumanegranoticias.com\/index.php?rest_route=%2Fwp%2Fv2%2Ftags&post=9833"}],"curies":[{"name":"wp","href":"https:\/\/api.w.org\/{rel}","templated":true}]}}