{"id":9851,"date":"2025-04-08T14:02:29","date_gmt":"2025-04-08T20:02:29","guid":{"rendered":"https:\/\/plumanegranoticias.com\/?p=9851"},"modified":"2025-04-08T14:03:00","modified_gmt":"2025-04-08T20:03:00","slug":"derribo-ayuntamiento-toda-la-jacaranda-de-parque-juarez","status":"publish","type":"post","link":"https:\/\/plumanegranoticias.com\/?p=9851","title":{"rendered":"Derrib\u00f3 Ayuntamiento toda la jacaranda de parque Ju\u00e1rez"},"content":{"rendered":"\n<p><em>Informaron que primero iban a hacer una revisi\u00f3n y dictamen<\/em><\/p>\n\n\n\n<p>\u00c1ngeles Gonz\u00e1lez Ceballos<br>Xalapa, Ver., Aunque el director de Protecci\u00f3n Civil municipal, Enrique Fonseca Mart\u00ednez, asegur\u00f3 que la direcci\u00f3n de Medio Ambiente realizar\u00eda un dictamen de la jacaranda a la que se le cay\u00f3 una rama; finalmente tumbaron todo el \u00e1rbol.<\/p>\n\n\n\n<p>Despu\u00e9s de lo que sucedi\u00f3 a temprana hora, con la ca\u00edda de una rama de al menos diez metros, lleg\u00f3 una gr\u00faa y el personal del Ayuntamiento y cort\u00f3 en pedazos todo el \u00e1rbol.<\/p>\n\n\n\n<p>El director de Protecci\u00f3n Civil dijo que Medio Ambiente iba a valorar y a hacer el dictamen correspondiente y hacer una poda.<\/p>\n\n\n\n<p>&#8220;Seguramente en el transcurso del d\u00eda vienen los compa\u00f1eros de Medio Ambiente y ya ellos determinar\u00e1n qu\u00e9 hacer para garantizar la seguridad de la poblaci\u00f3n&#8221;, indic\u00f3.<\/p>\n\n\n\n<p>Desde las 9 de la ma\u00f1ana y hasta las 13:00 horas el personal del Ayuntamiento estuvo cortando el gran arbol, ya s\u00f3lo les hace falta retirar la basura y reparar la barda ca\u00edda.<\/p>\n\n\n\n<figure class=\"wp-block-video\"><video height=\"480\" style=\"aspect-ratio: 848 \/ 480;\" width=\"848\" controls src=\"https:\/\/plumanegranoticias.com\/wp-content\/uploads\/2025\/04\/VID-20250408-WA0162.mp4\"><\/video><\/figure>\n","protected":false},"excerpt":{"rendered":"<p>Informaron que primero iban a hacer una revisi\u00f3n y dictamen \u00c1ngeles Gonz\u00e1lez CeballosXalapa, Ver., Aunque el director de Protecci\u00f3n Civil municipal, Enrique Fonseca Mart\u00ednez, asegur\u00f3 que la direcci\u00f3n de Medio Ambiente realizar\u00eda un dictamen de la jacaranda a la que se le cay\u00f3 una rama; finalmente tumbaron todo el \u00e1rbol. Despu\u00e9s de lo que sucedi\u00f3&#8230; <\/p>\n<div class=\"clear\"><\/div>\n<p><a href=\"https:\/\/plumanegranoticias.com\/?p=9851\" class=\"excerpt-read-more\">Read More<i class=\"fa fa-caret-right icon-caret-right\"><\/i><\/a><\/p>\n","protected":false},"author":2,"featured_media":9853,"comment_status":"open","ping_status":"open","sticky":false,"template":"","format":"standard","meta":{"om_disable_all_campaigns":false,"_monsterinsights_skip_tracking":false,"_monsterinsights_sitenote_active":false,"_monsterinsights_sitenote_note":"","_monsterinsights_sitenote_category":0,"_uf_show_specific_survey":0,"_uf_disable_surveys":false,"footnotes":""},"categories":[8,12,9],"tags":[18,61,19],"class_list":["post-9851","post","type-post","status-publish","format-standard","has-post-thumbnail","hentry","category-politica","category-regional","category-tendencias","tag-noticia","tag-politica","tag-regional"],"aioseo_notices":[],"_links":{"self":[{"href":"https:\/\/plumanegranoticias.com\/index.php?rest_route=\/wp\/v2\/posts\/9851","targetHints":{"allow":["GET"]}}],"collection":[{"href":"https:\/\/plumanegranoticias.com\/index.php?rest_route=\/wp\/v2\/posts"}],"about":[{"href":"https:\/\/plumanegranoticias.com\/index.php?rest_route=\/wp\/v2\/types\/post"}],"author":[{"embeddable":true,"href":"https:\/\/plumanegranoticias.com\/index.php?rest_route=\/wp\/v2\/users\/2"}],"replies":[{"embeddable":true,"href":"https:\/\/plumanegranoticias.com\/index.php?rest_route=%2Fwp%2Fv2%2Fcomments&post=9851"}],"version-history":[{"count":1,"href":"https:\/\/plumanegranoticias.com\/index.php?rest_route=\/wp\/v2\/posts\/9851\/revisions"}],"predecessor-version":[{"id":9852,"href":"https:\/\/plumanegranoticias.com\/index.php?rest_route=\/wp\/v2\/posts\/9851\/revisions\/9852"}],"wp:featuredmedia":[{"embeddable":true,"href":"https:\/\/plumanegranoticias.com\/index.php?rest_route=\/wp\/v2\/media\/9853"}],"wp:attachment":[{"href":"https:\/\/plumanegranoticias.com\/index.php?rest_route=%2Fwp%2Fv2%2Fmedia&parent=9851"}],"wp:term":[{"taxonomy":"category","embeddable":true,"href":"https:\/\/plumanegranoticias.com\/index.php?rest_route=%2Fwp%2Fv2%2Fcategories&post=9851"},{"taxonomy":"post_tag","embeddable":true,"href":"https:\/\/plumanegranoticias.com\/index.php?rest_route=%2Fwp%2Fv2%2Ftags&post=9851"}],"curies":[{"name":"wp","href":"https:\/\/api.w.org\/{rel}","templated":true}]}}