{"id":9855,"date":"2025-04-08T17:01:05","date_gmt":"2025-04-08T23:01:05","guid":{"rendered":"https:\/\/plumanegranoticias.com\/?p=9855"},"modified":"2025-04-08T17:02:17","modified_gmt":"2025-04-08T23:02:17","slug":"benita-gonzalez-a-comsoc-de-gobierno","status":"publish","type":"post","link":"https:\/\/plumanegranoticias.com\/?p=9855","title":{"rendered":"BENITA GONZ\u00c1LEZ A COMSOC DE GOBIERNO"},"content":{"rendered":"\n<p>Jos\u00e9 Ortiz (versiones.com.mx)<\/p>\n\n\n\n<p>Aunque no lo han hecho oficial, trascendi\u00f3 que Benita Gonz\u00e1lez ser\u00e1 la directora de Prensa de la Coordinaci\u00f3n General de Comunicaci\u00f3n Social del Gobierno del Estado de Veracruz.<\/p>\n\n\n\n<p>Benita, periodista ya con una larga trayectoria, releva en el cargo a Adriana Mu\u00f1oz Cabrera, quien renunci\u00f3 hace m\u00e1s de una semana para buscar una regidur\u00eda en el municipio de Veracruz.<\/p>\n\n\n\n<p>Se sabe que Benita inici\u00f3 sus funciones como directora de Prensa este lunes 7 de abril, y este martes ya acompa\u00f1\u00f3 a la gobernadora Roc\u00edo Nahle en un evento que se efectu\u00f3 en la ciudad de Veracruz.<\/p>\n\n\n\n<p>Benita inici\u00f3 su carrera period\u00edstica como conductora de noticieros de radio en Coatzacoalcos y desde hace unos a\u00f1os radica en Xalapa. Dirige Global News M\u00e9xico, con sede en la capital veracruzana.<\/p>\n\n\n\n<figure class=\"wp-block-image size-large\"><img loading=\"lazy\" decoding=\"async\" width=\"300\" height=\"172\" src=\"https:\/\/plumanegranoticias.com\/wp-content\/uploads\/2025\/04\/img-20250408-wa02205224916947077217389-300x172.jpg\" alt=\"\" class=\"wp-image-9854\" srcset=\"https:\/\/plumanegranoticias.com\/wp-content\/uploads\/2025\/04\/img-20250408-wa02205224916947077217389-300x172.jpg 300w, https:\/\/plumanegranoticias.com\/wp-content\/uploads\/2025\/04\/img-20250408-wa02205224916947077217389.jpg 600w\" sizes=\"auto, (max-width: 300px) 100vw, 300px\" \/><\/figure>\n","protected":false},"excerpt":{"rendered":"<p>Jos\u00e9 Ortiz (versiones.com.mx) Aunque no lo han hecho oficial, trascendi\u00f3 que Benita Gonz\u00e1lez ser\u00e1 la directora de Prensa de la Coordinaci\u00f3n General de Comunicaci\u00f3n Social del Gobierno del Estado de Veracruz. Benita, periodista ya con una larga trayectoria, releva en el cargo a Adriana Mu\u00f1oz Cabrera, quien renunci\u00f3 hace m\u00e1s de una semana para buscar&#8230; <\/p>\n<div class=\"clear\"><\/div>\n<p><a href=\"https:\/\/plumanegranoticias.com\/?p=9855\" class=\"excerpt-read-more\">Read More<i class=\"fa fa-caret-right icon-caret-right\"><\/i><\/a><\/p>\n","protected":false},"author":2,"featured_media":9858,"comment_status":"open","ping_status":"open","sticky":false,"template":"","format":"standard","meta":{"om_disable_all_campaigns":false,"_monsterinsights_skip_tracking":false,"_monsterinsights_sitenote_active":false,"_monsterinsights_sitenote_note":"","_monsterinsights_sitenote_category":0,"_uf_show_specific_survey":0,"_uf_disable_surveys":false,"footnotes":""},"categories":[67,8,12],"tags":[22,18],"class_list":["post-9855","post","type-post","status-publish","format-standard","has-post-thumbnail","hentry","category-policiaca","category-politica","category-regional","tag-nota-roja","tag-noticia"],"aioseo_notices":[],"_links":{"self":[{"href":"https:\/\/plumanegranoticias.com\/index.php?rest_route=\/wp\/v2\/posts\/9855","targetHints":{"allow":["GET"]}}],"collection":[{"href":"https:\/\/plumanegranoticias.com\/index.php?rest_route=\/wp\/v2\/posts"}],"about":[{"href":"https:\/\/plumanegranoticias.com\/index.php?rest_route=\/wp\/v2\/types\/post"}],"author":[{"embeddable":true,"href":"https:\/\/plumanegranoticias.com\/index.php?rest_route=\/wp\/v2\/users\/2"}],"replies":[{"embeddable":true,"href":"https:\/\/plumanegranoticias.com\/index.php?rest_route=%2Fwp%2Fv2%2Fcomments&post=9855"}],"version-history":[{"count":2,"href":"https:\/\/plumanegranoticias.com\/index.php?rest_route=\/wp\/v2\/posts\/9855\/revisions"}],"predecessor-version":[{"id":9857,"href":"https:\/\/plumanegranoticias.com\/index.php?rest_route=\/wp\/v2\/posts\/9855\/revisions\/9857"}],"wp:featuredmedia":[{"embeddable":true,"href":"https:\/\/plumanegranoticias.com\/index.php?rest_route=\/wp\/v2\/media\/9858"}],"wp:attachment":[{"href":"https:\/\/plumanegranoticias.com\/index.php?rest_route=%2Fwp%2Fv2%2Fmedia&parent=9855"}],"wp:term":[{"taxonomy":"category","embeddable":true,"href":"https:\/\/plumanegranoticias.com\/index.php?rest_route=%2Fwp%2Fv2%2Fcategories&post=9855"},{"taxonomy":"post_tag","embeddable":true,"href":"https:\/\/plumanegranoticias.com\/index.php?rest_route=%2Fwp%2Fv2%2Ftags&post=9855"}],"curies":[{"name":"wp","href":"https:\/\/api.w.org\/{rel}","templated":true}]}}