{"id":9860,"date":"2025-04-08T17:52:44","date_gmt":"2025-04-08T23:52:44","guid":{"rendered":"https:\/\/plumanegranoticias.com\/?p=9860"},"modified":"2025-04-08T17:53:02","modified_gmt":"2025-04-08T23:53:02","slug":"registra-xalapa-la-temperatura-mas-baja-para-un-mes-de-abril-desde-hace-43-anos","status":"publish","type":"post","link":"https:\/\/plumanegranoticias.com\/?p=9860","title":{"rendered":"Registra Xalapa la temperatura m\u00e1s baja para un mes de abril, desde hace 43 a\u00f1os"},"content":{"rendered":"\n<p>\u00c1ngeles Gonz\u00e1lez Ceballos<br>Xalapa, Ver., Este martes, Xalapa report\u00f3 una temperatura m\u00e1xima de 12.5\u00b0C, la m\u00e1s baja registrada en un mes de abril desde 1982.<\/p>\n\n\n\n<p>As\u00ed lo dio a conocer la jefa de Hidrometeorolog\u00eda de la Conagua, Jessica Luna, quien expuso que despu\u00e9s de 8 d\u00edas consecutivos con temperaturas m\u00e1ximas por arriba de los 30\u00b0C en Xalapa, la temperatura descendi\u00f3.<\/p>\n\n\n\n<p>Tuvimos temperaturas elevadas del 29 de marzo al 6 de abril, pero el ambiente cambi\u00f3 notablemente con la llegada de una masa de aire polar asociada al frente fr\u00edo No. 37, indic\u00f3 la meteor\u00f3loga.<\/p>\n\n\n\n<p>Indic\u00f3 que durante los \u00faltimos dos d\u00edas se ha sentido un ambiente de fr\u00edo a fresco, pero detall\u00f3 que este martes 8 de abril, a las 12:00 h, el Observatorio Meteorol\u00f3gico de Xalapa report\u00f3 una temperatura m\u00e1xima de 12.5\u00b0C, la m\u00e1s baja registrada en un mes de abril desde 1982.<\/p>\n\n\n\n<p>Agreg\u00f3 que la temperatura m\u00e1xima suele alcanzarse entre las 14:00 y 16:00 horas, pero es probable que este d\u00eda se confirme como uno de los m\u00e1s fr\u00edos en cuanto a temperatura m\u00e1xima para abril.<\/p>\n\n\n\n<p>Mostr\u00f3 una gr\u00e1fica en donde se ve claramente que, aunque abril puede registrar valores extremos por arriba de los 35\u00b0C, tambi\u00e9n ha tenido d\u00edas con m\u00e1ximas muy bajas, lo que confirma su car\u00e1cter contrastante por la presencia de los \u00faltimos frentes fr\u00edos de la temporada.<\/p>\n\n\n\n<figure class=\"wp-block-image size-large\"><img loading=\"lazy\" decoding=\"async\" width=\"522\" height=\"1024\" src=\"https:\/\/plumanegranoticias.com\/wp-content\/uploads\/2025\/04\/img-20250408-wa02283894718749418423276-522x1024.jpg\" alt=\"\" class=\"wp-image-9859\" srcset=\"https:\/\/plumanegranoticias.com\/wp-content\/uploads\/2025\/04\/img-20250408-wa02283894718749418423276-522x1024.jpg 522w, https:\/\/plumanegranoticias.com\/wp-content\/uploads\/2025\/04\/img-20250408-wa02283894718749418423276-153x300.jpg 153w, https:\/\/plumanegranoticias.com\/wp-content\/uploads\/2025\/04\/img-20250408-wa02283894718749418423276.jpg 628w\" sizes=\"auto, (max-width: 522px) 100vw, 522px\" \/><\/figure>\n","protected":false},"excerpt":{"rendered":"<p>\u00c1ngeles Gonz\u00e1lez CeballosXalapa, Ver., Este martes, Xalapa report\u00f3 una temperatura m\u00e1xima de 12.5\u00b0C, la m\u00e1s baja registrada en un mes de abril desde 1982. As\u00ed lo dio a conocer la jefa de Hidrometeorolog\u00eda de la Conagua, Jessica Luna, quien expuso que despu\u00e9s de 8 d\u00edas consecutivos con temperaturas m\u00e1ximas por arriba de los 30\u00b0C en&#8230; <\/p>\n<div class=\"clear\"><\/div>\n<p><a href=\"https:\/\/plumanegranoticias.com\/?p=9860\" class=\"excerpt-read-more\">Read More<i class=\"fa fa-caret-right icon-caret-right\"><\/i><\/a><\/p>\n","protected":false},"author":2,"featured_media":9862,"comment_status":"open","ping_status":"open","sticky":false,"template":"","format":"standard","meta":{"om_disable_all_campaigns":false,"_monsterinsights_skip_tracking":false,"_monsterinsights_sitenote_active":false,"_monsterinsights_sitenote_note":"","_monsterinsights_sitenote_category":0,"_uf_show_specific_survey":0,"_uf_disable_surveys":false,"footnotes":""},"categories":[16,8,12],"tags":[18,61,31],"class_list":["post-9860","post","type-post","status-publish","format-standard","has-post-thumbnail","hentry","category-plumazos","category-politica","category-regional","tag-noticia","tag-politica","tag-reporte-ciudadano"],"aioseo_notices":[],"_links":{"self":[{"href":"https:\/\/plumanegranoticias.com\/index.php?rest_route=\/wp\/v2\/posts\/9860","targetHints":{"allow":["GET"]}}],"collection":[{"href":"https:\/\/plumanegranoticias.com\/index.php?rest_route=\/wp\/v2\/posts"}],"about":[{"href":"https:\/\/plumanegranoticias.com\/index.php?rest_route=\/wp\/v2\/types\/post"}],"author":[{"embeddable":true,"href":"https:\/\/plumanegranoticias.com\/index.php?rest_route=\/wp\/v2\/users\/2"}],"replies":[{"embeddable":true,"href":"https:\/\/plumanegranoticias.com\/index.php?rest_route=%2Fwp%2Fv2%2Fcomments&post=9860"}],"version-history":[{"count":1,"href":"https:\/\/plumanegranoticias.com\/index.php?rest_route=\/wp\/v2\/posts\/9860\/revisions"}],"predecessor-version":[{"id":9861,"href":"https:\/\/plumanegranoticias.com\/index.php?rest_route=\/wp\/v2\/posts\/9860\/revisions\/9861"}],"wp:featuredmedia":[{"embeddable":true,"href":"https:\/\/plumanegranoticias.com\/index.php?rest_route=\/wp\/v2\/media\/9862"}],"wp:attachment":[{"href":"https:\/\/plumanegranoticias.com\/index.php?rest_route=%2Fwp%2Fv2%2Fmedia&parent=9860"}],"wp:term":[{"taxonomy":"category","embeddable":true,"href":"https:\/\/plumanegranoticias.com\/index.php?rest_route=%2Fwp%2Fv2%2Fcategories&post=9860"},{"taxonomy":"post_tag","embeddable":true,"href":"https:\/\/plumanegranoticias.com\/index.php?rest_route=%2Fwp%2Fv2%2Ftags&post=9860"}],"curies":[{"name":"wp","href":"https:\/\/api.w.org\/{rel}","templated":true}]}}