{"id":9876,"date":"2025-04-10T10:41:00","date_gmt":"2025-04-10T16:41:00","guid":{"rendered":"https:\/\/plumanegranoticias.com\/?p=9876"},"modified":"2025-04-10T10:41:36","modified_gmt":"2025-04-10T16:41:36","slug":"candidato-del-pt-a-la-alcaldia-de-las-vigas-simulo-secuestro","status":"publish","type":"post","link":"https:\/\/plumanegranoticias.com\/?p=9876","title":{"rendered":"Candidato del PT a la alcald\u00eda de Las Vigas simul\u00f3 secuestro"},"content":{"rendered":"\n<p><em>Fue presentado ante el Fiscal Especializada en Combate al Secuestro<\/em><\/p>\n\n\n\n<p>\u00c1ngeles Gonz\u00e1lez Ceballos<br>Xalapa, Ver., Luego de que fuera reportada la desaparici\u00f3n del candidato a la alcald\u00eda de Las Vigas de Ram\u00edrez, Jos\u00e9 Hern\u00e1ndez Cayetano alias &#8220;Juquilita&#8221;, el pasado martes 8 de abril; la Fiscal\u00eda General del Estado inform\u00f3 que se le investiga por haber simulado un secuestro.<\/p>\n\n\n\n<p>Es por ello que fue presentado ante el Fiscal Especializada en Combate al Secuestro para que rindiera declaraci\u00f3n en relaci\u00f3n a un presunto secuestro.<\/p>\n\n\n\n<p>El candidato petista fue reportado como desaparecido luego de que perdieran todo contacto con \u00e9l, adem\u00e1s de que no se present\u00f3 a la agenda programada como parte de sus actividades pol\u00edticas.<\/p>\n\n\n\n<p>Durante la Mesa de Seguridad de este jueves, la fiscal General Ver\u00f3nica Hern\u00e1ndez Giad\u00e1ns, inform\u00f3 que Jos\u00e9 \u201cN\u201d, fue presentado para que rindiera declaraci\u00f3n en relaci\u00f3n a un presunto secuestro.<\/p>\n\n\n\n<p>Los hechos ocurrieron el pasado 8 de abril del a\u00f1o en curso, cuando la familia de Jos\u00e9 \u201cN\u201d report\u00f3 su posible privaci\u00f3n de la libertad, indicando que la \u00faltima vez que se tuvo contacto con \u00e9l, se dirig\u00eda a la localidad de El Manzanillo, en Las Vigas para realizar actividades personales.<\/p>\n\n\n\n<p>Posteriormente, recibieron llamadas del propio Jos\u00e9 \u201cN\u201d, quien refer\u00eda estar privado de su libertad y solicitaba reunir una suma de dinero para su presunta liberaci\u00f3n.<\/p>\n\n\n\n<p>Sin embargo, tras actos de investigaci\u00f3n de gabinete y campo, se obtuvo informaci\u00f3n relevante que permiti\u00f3 establecer que se trat\u00f3 de una presunta simulaci\u00f3n de secuestro.<\/p>\n\n\n\n<p>Es por ello que la Fiscal\u00eda expres\u00f3 que respetando sus derechos humanos y el debido proceso, el Fiscal Especializado Contra el Secuestro, determinar\u00e1 su situaci\u00f3n jur\u00eddica.<\/p>\n\n\n\n<figure class=\"wp-block-image size-large\"><img loading=\"lazy\" decoding=\"async\" width=\"768\" height=\"1024\" src=\"https:\/\/plumanegranoticias.com\/wp-content\/uploads\/2025\/04\/img-20250410-wa01082400692915081955798-768x1024.jpg\" alt=\"\" class=\"wp-image-9875\" srcset=\"https:\/\/plumanegranoticias.com\/wp-content\/uploads\/2025\/04\/img-20250410-wa01082400692915081955798-768x1024.jpg 768w, https:\/\/plumanegranoticias.com\/wp-content\/uploads\/2025\/04\/img-20250410-wa01082400692915081955798-225x300.jpg 225w, https:\/\/plumanegranoticias.com\/wp-content\/uploads\/2025\/04\/img-20250410-wa01082400692915081955798.jpg 1080w\" sizes=\"auto, (max-width: 768px) 100vw, 768px\" \/><\/figure>\n","protected":false},"excerpt":{"rendered":"<p>Fue presentado ante el Fiscal Especializada en Combate al Secuestro \u00c1ngeles Gonz\u00e1lez CeballosXalapa, Ver., Luego de que fuera reportada la desaparici\u00f3n del candidato a la alcald\u00eda de Las Vigas de Ram\u00edrez, Jos\u00e9 Hern\u00e1ndez Cayetano alias &#8220;Juquilita&#8221;, el pasado martes 8 de abril; la Fiscal\u00eda General del Estado inform\u00f3 que se le investiga por haber simulado&#8230; <\/p>\n<div class=\"clear\"><\/div>\n<p><a href=\"https:\/\/plumanegranoticias.com\/?p=9876\" class=\"excerpt-read-more\">Read More<i class=\"fa fa-caret-right icon-caret-right\"><\/i><\/a><\/p>\n","protected":false},"author":2,"featured_media":9874,"comment_status":"open","ping_status":"open","sticky":false,"template":"","format":"standard","meta":{"om_disable_all_campaigns":false,"_monsterinsights_skip_tracking":false,"_monsterinsights_sitenote_active":false,"_monsterinsights_sitenote_note":"","_monsterinsights_sitenote_category":0,"_uf_show_specific_survey":0,"_uf_disable_surveys":false,"footnotes":""},"categories":[8,12],"tags":[61,19],"class_list":["post-9876","post","type-post","status-publish","format-standard","has-post-thumbnail","hentry","category-politica","category-regional","tag-politica","tag-regional"],"aioseo_notices":[],"_links":{"self":[{"href":"https:\/\/plumanegranoticias.com\/index.php?rest_route=\/wp\/v2\/posts\/9876","targetHints":{"allow":["GET"]}}],"collection":[{"href":"https:\/\/plumanegranoticias.com\/index.php?rest_route=\/wp\/v2\/posts"}],"about":[{"href":"https:\/\/plumanegranoticias.com\/index.php?rest_route=\/wp\/v2\/types\/post"}],"author":[{"embeddable":true,"href":"https:\/\/plumanegranoticias.com\/index.php?rest_route=\/wp\/v2\/users\/2"}],"replies":[{"embeddable":true,"href":"https:\/\/plumanegranoticias.com\/index.php?rest_route=%2Fwp%2Fv2%2Fcomments&post=9876"}],"version-history":[{"count":1,"href":"https:\/\/plumanegranoticias.com\/index.php?rest_route=\/wp\/v2\/posts\/9876\/revisions"}],"predecessor-version":[{"id":9877,"href":"https:\/\/plumanegranoticias.com\/index.php?rest_route=\/wp\/v2\/posts\/9876\/revisions\/9877"}],"wp:featuredmedia":[{"embeddable":true,"href":"https:\/\/plumanegranoticias.com\/index.php?rest_route=\/wp\/v2\/media\/9874"}],"wp:attachment":[{"href":"https:\/\/plumanegranoticias.com\/index.php?rest_route=%2Fwp%2Fv2%2Fmedia&parent=9876"}],"wp:term":[{"taxonomy":"category","embeddable":true,"href":"https:\/\/plumanegranoticias.com\/index.php?rest_route=%2Fwp%2Fv2%2Fcategories&post=9876"},{"taxonomy":"post_tag","embeddable":true,"href":"https:\/\/plumanegranoticias.com\/index.php?rest_route=%2Fwp%2Fv2%2Ftags&post=9876"}],"curies":[{"name":"wp","href":"https:\/\/api.w.org\/{rel}","templated":true}]}}