{"id":9883,"date":"2025-04-14T09:32:00","date_gmt":"2025-04-14T15:32:00","guid":{"rendered":"https:\/\/plumanegranoticias.com\/?p=9883"},"modified":"2025-04-14T09:32:21","modified_gmt":"2025-04-14T15:32:21","slug":"hay-falla-estructural-muy-grande-en-sev-gobernadora","status":"publish","type":"post","link":"https:\/\/plumanegranoticias.com\/?p=9883","title":{"rendered":"Hay falla estructural muy grande en SEV: Gobernadora"},"content":{"rendered":"\n<p>Angeles Gonz\u00e1lez Ceballos<br>Xalapa, Ver., La gobernadora Roc\u00edo Nahle Garc\u00eda, manifest\u00f3 que la administraci\u00f3n tiene una &#8220;falla estructural&#8221;, muy grande en el sector educativo.<\/p>\n\n\n\n<p>&#8220;Porque es una falla de estructura \u00bfy qui\u00e9n la tiene que resolver?, nosotros, el Gobierno, entonces dije, ay\u00fadenme por favor&#8221;, expres\u00f3.<\/p>\n\n\n\n<p>En entrevista, en una radio local, pregunt\u00f3 c\u00f3mo es posible que la Secretar\u00eda de Educaci\u00f3n tiene una n\u00f3mina tan grande y haya falta de docentes en las aulas.<\/p>\n\n\n\n<p>Por ello, asever\u00f3 que las reuniones de los mi\u00e9rcoles con el magisterio ha sido &#8220;oro molido&#8221;.<\/p>\n\n\n\n<p>La Gobernadora afirm\u00f3 que ya han ido avanzando en la digitalizaci\u00f3n de la n\u00f3mina \u00fanica.<\/p>\n\n\n\n<p>&#8220;Ya estamos en eso, digitalizando toda la n\u00f3mina gubernamental, porque encontramos extra\u00f1os.<\/p>\n\n\n\n<p>Que una persona ten\u00eda su plaza en la SEV, pero tambi\u00e9n otra en la Secretar\u00eda de Salud, dijimos qu\u00e9 tiene que ver una cosa con la otra y dos plazas&#8221;, asever\u00f3.<\/p>\n\n\n\n<p>Por lo tanto, con la n\u00f3mina \u00fanica lograr\u00e1n que el trabajador tenga su plaza, su trabajo y que ayude a la administraci\u00f3n.<\/p>\n\n\n\n<p>&#8220;Que cobre, pero en un lugar&#8221;, coment\u00f3.<\/p>\n\n\n\n<p>En relaci\u00f3n a la alfabetizaci\u00f3n de los adultos, la titular del Poder Ejecutivo reconoci\u00f3 que las deficiencias en este sentido se deben a la falla estructural en la SEV.<\/p>\n\n\n\n<p>&#8220;Porque no es un problema de recursos, no es un problema econ\u00f3mico por falta de recursos, no, es un problema estructural&#8221;, insisti\u00f3.<\/p>\n\n\n\n<figure class=\"wp-block-image size-large\"><img loading=\"lazy\" decoding=\"async\" width=\"1024\" height=\"768\" src=\"https:\/\/plumanegranoticias.com\/wp-content\/uploads\/2025\/04\/img-20250414-wa00152322611321421586282-1024x768.jpg\" alt=\"\" class=\"wp-image-9882\" srcset=\"https:\/\/plumanegranoticias.com\/wp-content\/uploads\/2025\/04\/img-20250414-wa00152322611321421586282-1024x768.jpg 1024w, https:\/\/plumanegranoticias.com\/wp-content\/uploads\/2025\/04\/img-20250414-wa00152322611321421586282-300x225.jpg 300w, https:\/\/plumanegranoticias.com\/wp-content\/uploads\/2025\/04\/img-20250414-wa00152322611321421586282-768x576.jpg 768w, https:\/\/plumanegranoticias.com\/wp-content\/uploads\/2025\/04\/img-20250414-wa00152322611321421586282-400x300.jpg 400w, https:\/\/plumanegranoticias.com\/wp-content\/uploads\/2025\/04\/img-20250414-wa00152322611321421586282.jpg 1080w\" sizes=\"auto, (max-width: 1024px) 100vw, 1024px\" \/><\/figure>\n","protected":false},"excerpt":{"rendered":"<p>Angeles Gonz\u00e1lez CeballosXalapa, Ver., La gobernadora Roc\u00edo Nahle Garc\u00eda, manifest\u00f3 que la administraci\u00f3n tiene una &#8220;falla estructural&#8221;, muy grande en el sector educativo. &#8220;Porque es una falla de estructura \u00bfy qui\u00e9n la tiene que resolver?, nosotros, el Gobierno, entonces dije, ay\u00fadenme por favor&#8221;, expres\u00f3. En entrevista, en una radio local, pregunt\u00f3 c\u00f3mo es posible que&#8230; <\/p>\n<div class=\"clear\"><\/div>\n<p><a href=\"https:\/\/plumanegranoticias.com\/?p=9883\" class=\"excerpt-read-more\">Read More<i class=\"fa fa-caret-right icon-caret-right\"><\/i><\/a><\/p>\n","protected":false},"author":2,"featured_media":9885,"comment_status":"open","ping_status":"open","sticky":false,"template":"","format":"standard","meta":{"om_disable_all_campaigns":false,"_monsterinsights_skip_tracking":false,"_monsterinsights_sitenote_active":false,"_monsterinsights_sitenote_note":"","_monsterinsights_sitenote_category":0,"_uf_show_specific_survey":0,"_uf_disable_surveys":false,"footnotes":""},"categories":[8,12],"tags":[22,18],"class_list":["post-9883","post","type-post","status-publish","format-standard","has-post-thumbnail","hentry","category-politica","category-regional","tag-nota-roja","tag-noticia"],"aioseo_notices":[],"_links":{"self":[{"href":"https:\/\/plumanegranoticias.com\/index.php?rest_route=\/wp\/v2\/posts\/9883","targetHints":{"allow":["GET"]}}],"collection":[{"href":"https:\/\/plumanegranoticias.com\/index.php?rest_route=\/wp\/v2\/posts"}],"about":[{"href":"https:\/\/plumanegranoticias.com\/index.php?rest_route=\/wp\/v2\/types\/post"}],"author":[{"embeddable":true,"href":"https:\/\/plumanegranoticias.com\/index.php?rest_route=\/wp\/v2\/users\/2"}],"replies":[{"embeddable":true,"href":"https:\/\/plumanegranoticias.com\/index.php?rest_route=%2Fwp%2Fv2%2Fcomments&post=9883"}],"version-history":[{"count":1,"href":"https:\/\/plumanegranoticias.com\/index.php?rest_route=\/wp\/v2\/posts\/9883\/revisions"}],"predecessor-version":[{"id":9884,"href":"https:\/\/plumanegranoticias.com\/index.php?rest_route=\/wp\/v2\/posts\/9883\/revisions\/9884"}],"wp:featuredmedia":[{"embeddable":true,"href":"https:\/\/plumanegranoticias.com\/index.php?rest_route=\/wp\/v2\/media\/9885"}],"wp:attachment":[{"href":"https:\/\/plumanegranoticias.com\/index.php?rest_route=%2Fwp%2Fv2%2Fmedia&parent=9883"}],"wp:term":[{"taxonomy":"category","embeddable":true,"href":"https:\/\/plumanegranoticias.com\/index.php?rest_route=%2Fwp%2Fv2%2Fcategories&post=9883"},{"taxonomy":"post_tag","embeddable":true,"href":"https:\/\/plumanegranoticias.com\/index.php?rest_route=%2Fwp%2Fv2%2Ftags&post=9883"}],"curies":[{"name":"wp","href":"https:\/\/api.w.org\/{rel}","templated":true}]}}