{"id":9899,"date":"2025-04-14T09:52:17","date_gmt":"2025-04-14T15:52:17","guid":{"rendered":"https:\/\/plumanegranoticias.com\/?p=9899"},"modified":"2025-04-14T09:52:41","modified_gmt":"2025-04-14T15:52:41","slug":"taxistas-del-movimiento-nacional-transportista-llevaron-a-cabo-una-manifestacion-pacifica-en-xalapa-para-pedir-a-la-gobernadora-rocio-nahle-un-alto-a-las-aplicaciones-y-autos-particulares-en-el-servi","status":"publish","type":"post","link":"https:\/\/plumanegranoticias.com\/?p=9899","title":{"rendered":"Taxistas del Movimiento Nacional Transportista llevaron a cabo una manifestaci\u00f3n pac\u00edfica en Xalapa, para pedir a la gobernadora Roc\u00edo Nahle un alto a las aplicaciones y autos particulares en el servicio p\u00fablico."},"content":{"rendered":"\n<p>Xalapa Ver.- \u201cEl motivo es hacer un llamado a nuestra gobernadora que nos d\u00e9 toda la facilidad de que nos pueda quitar los particulares, ya que nos est\u00e1n afectando en las aplicaciones. Lo que nosotros queremos es que tome cartas en el asunto nuestra gobernadora, en su momento cuando era su campa\u00f1a dijo que se iba a dedicar al pueblo y para el pueblo\u201d, dijo \u00c1ngel Vega, integrante del movimiento.<\/p>\n\n\n\n<p>Se\u00f1al\u00f3 que existe una competencia desleal con los autos particulares debido a las tarifas que tienen los taxistas, que llevan a\u00f1os sin ser actualizadas. Tema que dijo ser\u00eda necesario tocar con la gobernadora y el director de transporte p\u00fablico.<\/p>\n\n\n\n<p>Precis\u00f3 que los transportistas pagan una p\u00f3liza de seguro, impuestos y pagan por un derecho de concesi\u00f3n, siendo entre 2 mil 300 a 2 mil 500 autos particulares funcionando en aplicaciones \u00fanicamente en Xalapa.<\/p>\n\n\n\n<p>\u201cNosotros en el porcentaje de usuario yo creo que nos ha afectado un 80 por ciento, eso aqu\u00ed en Xalapa, en Veracruz es un poquito m\u00e1s, es un promedio como de 4 mil. Es algo que si lo vemos desleal, queremos que nuestra gobernadora tome cartas en el asunto porque d\u00eda a d\u00eda est\u00e1n metiendo m\u00e1s particulares&#8221;<\/p>\n\n\n\n<p>Los inconformes realizaron una marcha de sus oficinas hasta llegar a las oficinas de Transporte P\u00fablico.<\/p>\n\n\n\n<figure class=\"wp-block-image size-large\"><img loading=\"lazy\" decoding=\"async\" width=\"576\" height=\"1024\" src=\"https:\/\/plumanegranoticias.com\/wp-content\/uploads\/2025\/04\/img-20250414-wa00207531380323877123649-576x1024.jpg\" alt=\"\" class=\"wp-image-9898\" srcset=\"https:\/\/plumanegranoticias.com\/wp-content\/uploads\/2025\/04\/img-20250414-wa00207531380323877123649-576x1024.jpg 576w, https:\/\/plumanegranoticias.com\/wp-content\/uploads\/2025\/04\/img-20250414-wa00207531380323877123649-169x300.jpg 169w, https:\/\/plumanegranoticias.com\/wp-content\/uploads\/2025\/04\/img-20250414-wa00207531380323877123649-768x1365.jpg 768w, https:\/\/plumanegranoticias.com\/wp-content\/uploads\/2025\/04\/img-20250414-wa00207531380323877123649-864x1536.jpg 864w, https:\/\/plumanegranoticias.com\/wp-content\/uploads\/2025\/04\/img-20250414-wa00207531380323877123649.jpg 900w\" sizes=\"auto, (max-width: 576px) 100vw, 576px\" \/><\/figure>\n","protected":false},"excerpt":{"rendered":"<p>Xalapa Ver.- \u201cEl motivo es hacer un llamado a nuestra gobernadora que nos d\u00e9 toda la facilidad de que nos pueda quitar los particulares, ya que nos est\u00e1n afectando en las aplicaciones. Lo que nosotros queremos es que tome cartas en el asunto nuestra gobernadora, en su momento cuando era su campa\u00f1a dijo que se&#8230; <\/p>\n<div class=\"clear\"><\/div>\n<p><a href=\"https:\/\/plumanegranoticias.com\/?p=9899\" class=\"excerpt-read-more\">Read More<i class=\"fa fa-caret-right icon-caret-right\"><\/i><\/a><\/p>\n","protected":false},"author":2,"featured_media":9901,"comment_status":"open","ping_status":"open","sticky":false,"template":"","format":"standard","meta":{"om_disable_all_campaigns":false,"_monsterinsights_skip_tracking":false,"_monsterinsights_sitenote_active":false,"_monsterinsights_sitenote_note":"","_monsterinsights_sitenote_category":0,"_uf_show_specific_survey":0,"_uf_disable_surveys":false,"footnotes":""},"categories":[8,12],"tags":[22,18],"class_list":["post-9899","post","type-post","status-publish","format-standard","has-post-thumbnail","hentry","category-politica","category-regional","tag-nota-roja","tag-noticia"],"aioseo_notices":[],"_links":{"self":[{"href":"https:\/\/plumanegranoticias.com\/index.php?rest_route=\/wp\/v2\/posts\/9899","targetHints":{"allow":["GET"]}}],"collection":[{"href":"https:\/\/plumanegranoticias.com\/index.php?rest_route=\/wp\/v2\/posts"}],"about":[{"href":"https:\/\/plumanegranoticias.com\/index.php?rest_route=\/wp\/v2\/types\/post"}],"author":[{"embeddable":true,"href":"https:\/\/plumanegranoticias.com\/index.php?rest_route=\/wp\/v2\/users\/2"}],"replies":[{"embeddable":true,"href":"https:\/\/plumanegranoticias.com\/index.php?rest_route=%2Fwp%2Fv2%2Fcomments&post=9899"}],"version-history":[{"count":1,"href":"https:\/\/plumanegranoticias.com\/index.php?rest_route=\/wp\/v2\/posts\/9899\/revisions"}],"predecessor-version":[{"id":9900,"href":"https:\/\/plumanegranoticias.com\/index.php?rest_route=\/wp\/v2\/posts\/9899\/revisions\/9900"}],"wp:featuredmedia":[{"embeddable":true,"href":"https:\/\/plumanegranoticias.com\/index.php?rest_route=\/wp\/v2\/media\/9901"}],"wp:attachment":[{"href":"https:\/\/plumanegranoticias.com\/index.php?rest_route=%2Fwp%2Fv2%2Fmedia&parent=9899"}],"wp:term":[{"taxonomy":"category","embeddable":true,"href":"https:\/\/plumanegranoticias.com\/index.php?rest_route=%2Fwp%2Fv2%2Fcategories&post=9899"},{"taxonomy":"post_tag","embeddable":true,"href":"https:\/\/plumanegranoticias.com\/index.php?rest_route=%2Fwp%2Fv2%2Ftags&post=9899"}],"curies":[{"name":"wp","href":"https:\/\/api.w.org\/{rel}","templated":true}]}}