{"id":9930,"date":"2025-04-14T13:35:57","date_gmt":"2025-04-14T19:35:57","guid":{"rendered":"https:\/\/plumanegranoticias.com\/?p=9930"},"modified":"2025-04-14T13:36:38","modified_gmt":"2025-04-14T19:36:38","slug":"bernardo-hernandez-ochoa","status":"publish","type":"post","link":"https:\/\/plumanegranoticias.com\/?p=9930","title":{"rendered":"Bernardo Hern\u00e1ndez Ochoa"},"content":{"rendered":"\n<p>Las y los candidatos a cargos en el Poder Judicial Federal que participan en la elecci\u00f3n del 1 de junio en el estado de Veracruz, iniciaron su presentaci\u00f3n para los Distritos Judiciales Federales en los que participan. El abogado Bernardo Hern\u00e1ndez Ochoa, presenta su hoja de vida ante los ciudadanos de los 88 municipios que corresponden al Dostrito 02.<\/p>\n\n\n\n<p class=\"MsoNormal\">Nacido en Soledad de Doblado, y de profesi\u00f3n&nbsp; Licenciado en Derecho, egresado de la Facultad de Derecho de la Universidad Veracruzana (UV), en la ciudad de Xalapa, Veracruz, generaci\u00f3n 2002-2006. C\u00e9dula profesional n\u00famero 5320315 y t\u00edtulo legalmente expedido que acredita mi profesi\u00f3n, expedido en el a\u00f1o 2007, con el respaldo del certificado de estudios de la licenciatura, en la que obtuve un promedio general de 9 puntos.<\/p>\n\n\n\n<p class=\"MsoNormal\">Desde el a\u00f1o 2013 y a la fecha (2025) me desempe\u00f1o como Secretario de Tribunal, en el Primer Tribunal Colegiado en Materia Civil del S\u00e9ptimo Circuito.<\/p>\n\n\n\n<p class=\"MsoNormal\">&nbsp;\u2022 Mi primer contacto con la actividad jurisdiccional fue cuando comenc\u00e9 mi servicio social en el a\u00f1o 2006, y desde esa fecha me desarroll\u00e9 en el Poder Judicial Federal, hasta la actualidad, y he fungido como Secretario de Tribunal en funciones de Magistrado de Circuito, como actualmente lo hago.<\/p>\n\n\n\n<p class=\"MsoNormal\">&nbsp;\u2022 Dominio integral del marco jur\u00eddico y tratados internacionales en materia de derechos humanos; con experiencia en an\u00e1lisis normativo y elaboraci\u00f3n de resoluciones o sentencias en conflictos jurisdiccionales. Habilidad para promover el di\u00e1logo jur\u00eddico, razonamientos, argumentaci\u00f3n, y el respeto a los principios democr\u00e1ticos.<\/p>\n\n\n\n<p class=\"MsoNormal\">\u2022 Realizo funciones de Secretario de Tribunal, relativas al estudio y formulaci\u00f3n de proyectos de sentencias de juicios de amparo y sus diversos recursos en materia de amparo en la Materia Civil; as\u00ed tambi\u00e9n me desempe\u00f1ado como Secretario de Acuerdos y de Tesis en las funciones propias a la publicaci\u00f3n de jurisprudencia y criterios del Primer Tribunal Colegiado en Materia Civil del S\u00e9ptimo Circuito, y en su momento, tambi\u00e9n desarroll\u00e9 funciones de Secretario de Acuerdos del entonces Pleno en Materia Civil del S\u00e9ptimo Circuito. Xalapa<\/p>\n\n\n\n<figure class=\"wp-block-image size-large\"><img loading=\"lazy\" decoding=\"async\" width=\"300\" height=\"171\" src=\"https:\/\/plumanegranoticias.com\/wp-content\/uploads\/2025\/04\/img-20250414-wa00912789932741854329336-300x171.jpg\" alt=\"\" class=\"wp-image-9924\" srcset=\"https:\/\/plumanegranoticias.com\/wp-content\/uploads\/2025\/04\/img-20250414-wa00912789932741854329336-300x171.jpg 300w, https:\/\/plumanegranoticias.com\/wp-content\/uploads\/2025\/04\/img-20250414-wa00912789932741854329336-768x439.jpg 768w, https:\/\/plumanegranoticias.com\/wp-content\/uploads\/2025\/04\/img-20250414-wa00912789932741854329336-700x400.jpg 700w, https:\/\/plumanegranoticias.com\/wp-content\/uploads\/2025\/04\/img-20250414-wa00912789932741854329336.jpg 781w\" sizes=\"auto, (max-width: 300px) 100vw, 300px\" \/><\/figure>\n\n\n\n<figure class=\"wp-block-image\"><img loading=\"lazy\" decoding=\"async\" width=\"1024\" height=\"742\" src=\"https:\/\/plumanegranoticias.com\/wp-content\/uploads\/2025\/04\/img-20250414-wa00938336127134909020264-1024x742.jpg\" alt=\"\" class=\"wp-image-9925\" srcset=\"https:\/\/plumanegranoticias.com\/wp-content\/uploads\/2025\/04\/img-20250414-wa00938336127134909020264-1024x742.jpg 1024w, https:\/\/plumanegranoticias.com\/wp-content\/uploads\/2025\/04\/img-20250414-wa00938336127134909020264-300x218.jpg 300w, https:\/\/plumanegranoticias.com\/wp-content\/uploads\/2025\/04\/img-20250414-wa00938336127134909020264-768x557.jpg 768w, https:\/\/plumanegranoticias.com\/wp-content\/uploads\/2025\/04\/img-20250414-wa00938336127134909020264.jpg 1080w\" sizes=\"auto, (max-width: 1024px) 100vw, 1024px\" \/><\/figure>\n\n\n\n<figure class=\"wp-block-image\"><img loading=\"lazy\" decoding=\"async\" width=\"1024\" height=\"1024\" src=\"https:\/\/plumanegranoticias.com\/wp-content\/uploads\/2025\/04\/img-20250414-wa00944340170713447677157-1024x1024.jpg\" alt=\"\" class=\"wp-image-9926\" srcset=\"https:\/\/plumanegranoticias.com\/wp-content\/uploads\/2025\/04\/img-20250414-wa00944340170713447677157-1024x1024.jpg 1024w, https:\/\/plumanegranoticias.com\/wp-content\/uploads\/2025\/04\/img-20250414-wa00944340170713447677157-300x300.jpg 300w, https:\/\/plumanegranoticias.com\/wp-content\/uploads\/2025\/04\/img-20250414-wa00944340170713447677157-150x150.jpg 150w, https:\/\/plumanegranoticias.com\/wp-content\/uploads\/2025\/04\/img-20250414-wa00944340170713447677157-768x768.jpg 768w, https:\/\/plumanegranoticias.com\/wp-content\/uploads\/2025\/04\/img-20250414-wa00944340170713447677157-400x400.jpg 400w, https:\/\/plumanegranoticias.com\/wp-content\/uploads\/2025\/04\/img-20250414-wa00944340170713447677157.jpg 1080w\" sizes=\"auto, (max-width: 1024px) 100vw, 1024px\" \/><\/figure>\n\n\n\n<figure class=\"wp-block-image\"><img loading=\"lazy\" decoding=\"async\" width=\"698\" height=\"1024\" src=\"https:\/\/plumanegranoticias.com\/wp-content\/uploads\/2025\/04\/img-20250414-wa00956783033402052952166-698x1024.jpg\" alt=\"\" class=\"wp-image-9927\" srcset=\"https:\/\/plumanegranoticias.com\/wp-content\/uploads\/2025\/04\/img-20250414-wa00956783033402052952166-698x1024.jpg 698w, https:\/\/plumanegranoticias.com\/wp-content\/uploads\/2025\/04\/img-20250414-wa00956783033402052952166-204x300.jpg 204w, https:\/\/plumanegranoticias.com\/wp-content\/uploads\/2025\/04\/img-20250414-wa00956783033402052952166-768x1127.jpg 768w, https:\/\/plumanegranoticias.com\/wp-content\/uploads\/2025\/04\/img-20250414-wa00956783033402052952166-1046x1536.jpg 1046w, https:\/\/plumanegranoticias.com\/wp-content\/uploads\/2025\/04\/img-20250414-wa00956783033402052952166.jpg 1090w\" sizes=\"auto, (max-width: 698px) 100vw, 698px\" \/><\/figure>\n\n\n\n<figure class=\"wp-block-image\"><img loading=\"lazy\" decoding=\"async\" width=\"1024\" height=\"1024\" src=\"https:\/\/plumanegranoticias.com\/wp-content\/uploads\/2025\/04\/img-20250414-wa00928031185630962406720-1024x1024.jpg\" alt=\"\" class=\"wp-image-9928\" srcset=\"https:\/\/plumanegranoticias.com\/wp-content\/uploads\/2025\/04\/img-20250414-wa00928031185630962406720-1024x1024.jpg 1024w, https:\/\/plumanegranoticias.com\/wp-content\/uploads\/2025\/04\/img-20250414-wa00928031185630962406720-300x300.jpg 300w, https:\/\/plumanegranoticias.com\/wp-content\/uploads\/2025\/04\/img-20250414-wa00928031185630962406720-150x150.jpg 150w, https:\/\/plumanegranoticias.com\/wp-content\/uploads\/2025\/04\/img-20250414-wa00928031185630962406720-768x768.jpg 768w, https:\/\/plumanegranoticias.com\/wp-content\/uploads\/2025\/04\/img-20250414-wa00928031185630962406720-400x400.jpg 400w, https:\/\/plumanegranoticias.com\/wp-content\/uploads\/2025\/04\/img-20250414-wa00928031185630962406720.jpg 1080w\" sizes=\"auto, (max-width: 1024px) 100vw, 1024px\" \/><\/figure>\n\n\n\n<p class=\"MsoNormal\">&nbsp;<\/p>\n\n\n\n<figure class=\"wp-block-embed MsoNormal\"><div class=\"wp-block-embed__wrapper\">\nhttps:\/\/candidaturaspoderjudicial.ine.mx\/detalleCandidato\/53399\/11\n<\/div><\/figure>\n\n\n\n<p class=\"MsoNormal\">&nbsp;<\/p>\n\n\n\n<p class=\"MsoNormal\">&nbsp;<\/p>\n","protected":false},"excerpt":{"rendered":"<p>Las y los candidatos a cargos en el Poder Judicial Federal que participan en la elecci\u00f3n del 1 de junio en el estado de Veracruz, iniciaron su presentaci\u00f3n para los Distritos Judiciales Federales en los que participan. El abogado Bernardo Hern\u00e1ndez Ochoa, presenta su hoja de vida ante los ciudadanos de los 88 municipios que&#8230; <\/p>\n<div class=\"clear\"><\/div>\n<p><a href=\"https:\/\/plumanegranoticias.com\/?p=9930\" class=\"excerpt-read-more\">Read More<i class=\"fa fa-caret-right icon-caret-right\"><\/i><\/a><\/p>\n","protected":false},"author":2,"featured_media":9929,"comment_status":"open","ping_status":"open","sticky":false,"template":"","format":"standard","meta":{"om_disable_all_campaigns":false,"_monsterinsights_skip_tracking":false,"_monsterinsights_sitenote_active":false,"_monsterinsights_sitenote_note":"","_monsterinsights_sitenote_category":0,"_uf_show_specific_survey":0,"_uf_disable_surveys":false,"footnotes":""},"categories":[67,8,12],"tags":[61,19],"class_list":["post-9930","post","type-post","status-publish","format-standard","has-post-thumbnail","hentry","category-policiaca","category-politica","category-regional","tag-politica","tag-regional"],"aioseo_notices":[],"_links":{"self":[{"href":"https:\/\/plumanegranoticias.com\/index.php?rest_route=\/wp\/v2\/posts\/9930","targetHints":{"allow":["GET"]}}],"collection":[{"href":"https:\/\/plumanegranoticias.com\/index.php?rest_route=\/wp\/v2\/posts"}],"about":[{"href":"https:\/\/plumanegranoticias.com\/index.php?rest_route=\/wp\/v2\/types\/post"}],"author":[{"embeddable":true,"href":"https:\/\/plumanegranoticias.com\/index.php?rest_route=\/wp\/v2\/users\/2"}],"replies":[{"embeddable":true,"href":"https:\/\/plumanegranoticias.com\/index.php?rest_route=%2Fwp%2Fv2%2Fcomments&post=9930"}],"version-history":[{"count":1,"href":"https:\/\/plumanegranoticias.com\/index.php?rest_route=\/wp\/v2\/posts\/9930\/revisions"}],"predecessor-version":[{"id":9931,"href":"https:\/\/plumanegranoticias.com\/index.php?rest_route=\/wp\/v2\/posts\/9930\/revisions\/9931"}],"wp:featuredmedia":[{"embeddable":true,"href":"https:\/\/plumanegranoticias.com\/index.php?rest_route=\/wp\/v2\/media\/9929"}],"wp:attachment":[{"href":"https:\/\/plumanegranoticias.com\/index.php?rest_route=%2Fwp%2Fv2%2Fmedia&parent=9930"}],"wp:term":[{"taxonomy":"category","embeddable":true,"href":"https:\/\/plumanegranoticias.com\/index.php?rest_route=%2Fwp%2Fv2%2Fcategories&post=9930"},{"taxonomy":"post_tag","embeddable":true,"href":"https:\/\/plumanegranoticias.com\/index.php?rest_route=%2Fwp%2Fv2%2Ftags&post=9930"}],"curies":[{"name":"wp","href":"https:\/\/api.w.org\/{rel}","templated":true}]}}