{"id":9934,"date":"2025-04-14T13:59:41","date_gmt":"2025-04-14T19:59:41","guid":{"rendered":"https:\/\/plumanegranoticias.com\/?p=9934"},"modified":"2025-04-14T14:01:15","modified_gmt":"2025-04-14T20:01:15","slug":"inicia-el-ecologista-universal-via-crucis-40-contra-laguna-verde","status":"publish","type":"post","link":"https:\/\/plumanegranoticias.com\/?p=9934","title":{"rendered":"Inicia el Ecologista Universal Via Crucis 40 contra Laguna Verde"},"content":{"rendered":"\n<p>\u00c1ngeles Gonz\u00e1lez Ceballos<br>Xalapa, Ver., Al iniciar el Via Crucis n\u00famero 40 partiendo desde la Catedral Metropolitana de esta capital, hacia la central nucleoel\u00e9ctrica de Laguna Verde, el Ecologista Universal, lament\u00f3 que en todos estos a\u00f1os de lucha los hayan ignorado.<\/p>\n\n\n\n<p>&#8220;Dicen que el pueblo pone y el pueblo quita, pues les vamos a decir de una vez a las autoridades que de una vez cancelen la planta nuclear por lo que esta representa para el pueblo de M\u00e9xico&#8221;, expres\u00f3 el hombre de 71 a\u00f1os de edad, luego de salir de Catedral, en donde recibe la bendici\u00f3n del p\u00e1rroco.<\/p>\n\n\n\n<p>Acompa\u00f1ado de varios defensores del medio ambiente, as\u00ed como de otros dos ecologistas; record\u00f3 que su Via Crucis dura cinco d\u00edas.<\/p>\n\n\n\n<p>Este lunes llega a Cerro Gordo, el mi\u00e9rcoles llegar\u00e1 a Rinconada, luego a Cardel y, posteriormente, al Viej\u00f3n.<\/p>\n\n\n\n<p>&#8220;Y ya el viernes se llega a feliz t\u00e9rmino este Via Crucis frente a las instalaciones de la planta nuclear de Laguna Verde&#8221;, expres\u00f3 y record\u00f3 que son alrededor de 120 kil\u00f3metros los que recorren.<\/p>\n\n\n\n<p>Mencion\u00f3 que inici\u00f3 esta lucha hace m\u00e1s de 40 a\u00f1os porque est\u00e1 convencido de que la vida es un \u00e9xodo.<\/p>\n\n\n\n<p>Algunos de los otros temas por los que har\u00e1 el Via Crucis es la construcci\u00f3n de una mega granja de pollos en el municipio de Actopan.<\/p>\n\n\n\n<figure class=\"wp-block-image size-large\"><img loading=\"lazy\" decoding=\"async\" width=\"1024\" height=\"576\" src=\"https:\/\/plumanegranoticias.com\/wp-content\/uploads\/2025\/04\/img-20250414-wa01436484751864317936826-1024x576.jpg\" alt=\"\" class=\"wp-image-9933\" srcset=\"https:\/\/plumanegranoticias.com\/wp-content\/uploads\/2025\/04\/img-20250414-wa01436484751864317936826-1024x576.jpg 1024w, https:\/\/plumanegranoticias.com\/wp-content\/uploads\/2025\/04\/img-20250414-wa01436484751864317936826-300x169.jpg 300w, https:\/\/plumanegranoticias.com\/wp-content\/uploads\/2025\/04\/img-20250414-wa01436484751864317936826-768x432.jpg 768w, https:\/\/plumanegranoticias.com\/wp-content\/uploads\/2025\/04\/img-20250414-wa01436484751864317936826-1536x864.jpg 1536w, https:\/\/plumanegranoticias.com\/wp-content\/uploads\/2025\/04\/img-20250414-wa01436484751864317936826.jpg 1600w\" sizes=\"auto, (max-width: 1024px) 100vw, 1024px\" \/><\/figure>\n\n\n\n<figure class=\"wp-block-image\"><img loading=\"lazy\" decoding=\"async\" width=\"1024\" height=\"576\" src=\"https:\/\/plumanegranoticias.com\/wp-content\/uploads\/2025\/04\/img-20250414-wa01443391586728915284799-1024x576.jpg\" alt=\"\" class=\"wp-image-9932\" srcset=\"https:\/\/plumanegranoticias.com\/wp-content\/uploads\/2025\/04\/img-20250414-wa01443391586728915284799-1024x576.jpg 1024w, https:\/\/plumanegranoticias.com\/wp-content\/uploads\/2025\/04\/img-20250414-wa01443391586728915284799-300x169.jpg 300w, https:\/\/plumanegranoticias.com\/wp-content\/uploads\/2025\/04\/img-20250414-wa01443391586728915284799-768x432.jpg 768w, https:\/\/plumanegranoticias.com\/wp-content\/uploads\/2025\/04\/img-20250414-wa01443391586728915284799-1536x864.jpg 1536w, https:\/\/plumanegranoticias.com\/wp-content\/uploads\/2025\/04\/img-20250414-wa01443391586728915284799.jpg 1600w\" sizes=\"auto, (max-width: 1024px) 100vw, 1024px\" \/><\/figure>\n","protected":false},"excerpt":{"rendered":"<p>\u00c1ngeles Gonz\u00e1lez CeballosXalapa, Ver., Al iniciar el Via Crucis n\u00famero 40 partiendo desde la Catedral Metropolitana de esta capital, hacia la central nucleoel\u00e9ctrica de Laguna Verde, el Ecologista Universal, lament\u00f3 que en todos estos a\u00f1os de lucha los hayan ignorado. &#8220;Dicen que el pueblo pone y el pueblo quita, pues les vamos a decir de&#8230; <\/p>\n<div class=\"clear\"><\/div>\n<p><a href=\"https:\/\/plumanegranoticias.com\/?p=9934\" class=\"excerpt-read-more\">Read More<i class=\"fa fa-caret-right icon-caret-right\"><\/i><\/a><\/p>\n","protected":false},"author":2,"featured_media":9936,"comment_status":"open","ping_status":"open","sticky":false,"template":"","format":"standard","meta":{"om_disable_all_campaigns":false,"_monsterinsights_skip_tracking":false,"_monsterinsights_sitenote_active":false,"_monsterinsights_sitenote_note":"","_monsterinsights_sitenote_category":0,"_uf_show_specific_survey":0,"_uf_disable_surveys":false,"footnotes":""},"categories":[16,8,12],"tags":[18,34],"class_list":["post-9934","post","type-post","status-publish","format-standard","has-post-thumbnail","hentry","category-plumazos","category-politica","category-regional","tag-noticia","tag-policiaca"],"aioseo_notices":[],"_links":{"self":[{"href":"https:\/\/plumanegranoticias.com\/index.php?rest_route=\/wp\/v2\/posts\/9934","targetHints":{"allow":["GET"]}}],"collection":[{"href":"https:\/\/plumanegranoticias.com\/index.php?rest_route=\/wp\/v2\/posts"}],"about":[{"href":"https:\/\/plumanegranoticias.com\/index.php?rest_route=\/wp\/v2\/types\/post"}],"author":[{"embeddable":true,"href":"https:\/\/plumanegranoticias.com\/index.php?rest_route=\/wp\/v2\/users\/2"}],"replies":[{"embeddable":true,"href":"https:\/\/plumanegranoticias.com\/index.php?rest_route=%2Fwp%2Fv2%2Fcomments&post=9934"}],"version-history":[{"count":1,"href":"https:\/\/plumanegranoticias.com\/index.php?rest_route=\/wp\/v2\/posts\/9934\/revisions"}],"predecessor-version":[{"id":9935,"href":"https:\/\/plumanegranoticias.com\/index.php?rest_route=\/wp\/v2\/posts\/9934\/revisions\/9935"}],"wp:featuredmedia":[{"embeddable":true,"href":"https:\/\/plumanegranoticias.com\/index.php?rest_route=\/wp\/v2\/media\/9936"}],"wp:attachment":[{"href":"https:\/\/plumanegranoticias.com\/index.php?rest_route=%2Fwp%2Fv2%2Fmedia&parent=9934"}],"wp:term":[{"taxonomy":"category","embeddable":true,"href":"https:\/\/plumanegranoticias.com\/index.php?rest_route=%2Fwp%2Fv2%2Fcategories&post=9934"},{"taxonomy":"post_tag","embeddable":true,"href":"https:\/\/plumanegranoticias.com\/index.php?rest_route=%2Fwp%2Fv2%2Ftags&post=9934"}],"curies":[{"name":"wp","href":"https:\/\/api.w.org\/{rel}","templated":true}]}}