{"id":9951,"date":"2025-04-18T13:36:47","date_gmt":"2025-04-18T19:36:47","guid":{"rendered":"https:\/\/plumanegranoticias.com\/?p=9951"},"modified":"2025-04-18T13:37:09","modified_gmt":"2025-04-18T19:37:09","slug":"fuera-de-control-incendio-en-cofre-de-perote","status":"publish","type":"post","link":"https:\/\/plumanegranoticias.com\/?p=9951","title":{"rendered":"FUERA DE CONTROL INCENDIO EN COFRE DE PEROTE"},"content":{"rendered":"\n<p><em>Se extiende incendio en Parque Nacional Cofre de Perote, suman 200 ha. siniestradas: SEDENA<\/em><\/p>\n\n\n\n<p>\u00c1ngeles Gonz\u00e1lez Ceballos<br>Xalapa, Ver., El incendio forestal en el Parque Nacional Cofre de Perote, contin\u00faa y se ha extendido, hasta este momento son 200 hect\u00e1reas aproximadamente las que se han visto afectadas.<\/p>\n\n\n\n<p>Por ello, la Secretar\u00eda de la Defensa Nacional (SEDENA), en coordinaci\u00f3n con el gobierno del Estado, reforz\u00f3 el apoyo en la zona afectada.<\/p>\n\n\n\n<p>En el lugar ya est\u00e1 el helic\u00f3ptero del gobierno de Veracruz, as\u00ed como un cami\u00f3n cisterna, con el fin de sofocar el siniestro.<\/p>\n\n\n\n<p>La SEDENA inform\u00f3 que se desplegaron m\u00e1s elementos pertenecientes al 111\/o. Batall\u00f3n de Infanter\u00eda y de la Guardia Nacional como parte del Plan DN-III-E.<\/p>\n\n\n\n<p>Todos ellos en coordinaci\u00f3n con el personal de Protecci\u00f3n Civil y CONAFOR para controlar el incendio forestal y evitar da\u00f1os mayores.<\/p>\n\n\n\n<p>Hasta este momento no hay reporte de personas heridas, ni viviendas afectadas.<\/p>\n\n\n\n<figure class=\"wp-block-image size-large\"><img loading=\"lazy\" decoding=\"async\" width=\"1024\" height=\"768\" src=\"https:\/\/plumanegranoticias.com\/wp-content\/uploads\/2025\/04\/img-20250418-wa01508827942696336191293-1024x768.jpg\" alt=\"\" class=\"wp-image-9946\" srcset=\"https:\/\/plumanegranoticias.com\/wp-content\/uploads\/2025\/04\/img-20250418-wa01508827942696336191293-1024x768.jpg 1024w, https:\/\/plumanegranoticias.com\/wp-content\/uploads\/2025\/04\/img-20250418-wa01508827942696336191293-300x225.jpg 300w, https:\/\/plumanegranoticias.com\/wp-content\/uploads\/2025\/04\/img-20250418-wa01508827942696336191293-768x576.jpg 768w, https:\/\/plumanegranoticias.com\/wp-content\/uploads\/2025\/04\/img-20250418-wa01508827942696336191293-400x300.jpg 400w, https:\/\/plumanegranoticias.com\/wp-content\/uploads\/2025\/04\/img-20250418-wa01508827942696336191293.jpg 1040w\" sizes=\"auto, (max-width: 1024px) 100vw, 1024px\" \/><\/figure>\n\n\n\n<figure class=\"wp-block-image\"><img loading=\"lazy\" decoding=\"async\" width=\"1024\" height=\"461\" src=\"https:\/\/plumanegranoticias.com\/wp-content\/uploads\/2025\/04\/img-20250418-wa01517251522313736289822-1024x461.jpg\" alt=\"\" class=\"wp-image-9948\" srcset=\"https:\/\/plumanegranoticias.com\/wp-content\/uploads\/2025\/04\/img-20250418-wa01517251522313736289822-1024x461.jpg 1024w, https:\/\/plumanegranoticias.com\/wp-content\/uploads\/2025\/04\/img-20250418-wa01517251522313736289822-300x135.jpg 300w, https:\/\/plumanegranoticias.com\/wp-content\/uploads\/2025\/04\/img-20250418-wa01517251522313736289822-768x346.jpg 768w, https:\/\/plumanegranoticias.com\/wp-content\/uploads\/2025\/04\/img-20250418-wa01517251522313736289822.jpg 1280w\" sizes=\"auto, (max-width: 1024px) 100vw, 1024px\" \/><\/figure>\n\n\n\n<figure class=\"wp-block-image\"><img loading=\"lazy\" decoding=\"async\" width=\"1024\" height=\"768\" src=\"https:\/\/plumanegranoticias.com\/wp-content\/uploads\/2025\/04\/img-20250418-wa01485292954113549712381-1024x768.jpg\" alt=\"\" class=\"wp-image-9949\" srcset=\"https:\/\/plumanegranoticias.com\/wp-content\/uploads\/2025\/04\/img-20250418-wa01485292954113549712381-1024x768.jpg 1024w, https:\/\/plumanegranoticias.com\/wp-content\/uploads\/2025\/04\/img-20250418-wa01485292954113549712381-300x225.jpg 300w, https:\/\/plumanegranoticias.com\/wp-content\/uploads\/2025\/04\/img-20250418-wa01485292954113549712381-768x576.jpg 768w, https:\/\/plumanegranoticias.com\/wp-content\/uploads\/2025\/04\/img-20250418-wa01485292954113549712381-400x300.jpg 400w, https:\/\/plumanegranoticias.com\/wp-content\/uploads\/2025\/04\/img-20250418-wa01485292954113549712381.jpg 1040w\" sizes=\"auto, (max-width: 1024px) 100vw, 1024px\" \/><\/figure>\n\n\n\n<figure class=\"wp-block-image\"><img loading=\"lazy\" decoding=\"async\" width=\"1024\" height=\"576\" src=\"https:\/\/plumanegranoticias.com\/wp-content\/uploads\/2025\/04\/img-20250418-wa014963269452810397045-1024x576.jpg\" alt=\"\" class=\"wp-image-9950\" srcset=\"https:\/\/plumanegranoticias.com\/wp-content\/uploads\/2025\/04\/img-20250418-wa014963269452810397045-1024x576.jpg 1024w, https:\/\/plumanegranoticias.com\/wp-content\/uploads\/2025\/04\/img-20250418-wa014963269452810397045-300x169.jpg 300w, https:\/\/plumanegranoticias.com\/wp-content\/uploads\/2025\/04\/img-20250418-wa014963269452810397045-768x432.jpg 768w, https:\/\/plumanegranoticias.com\/wp-content\/uploads\/2025\/04\/img-20250418-wa014963269452810397045.jpg 1408w\" sizes=\"auto, (max-width: 1024px) 100vw, 1024px\" \/><\/figure>\n\n\n\n<figure class=\"wp-block-image\"><img loading=\"lazy\" decoding=\"async\" width=\"1024\" height=\"734\" src=\"https:\/\/plumanegranoticias.com\/wp-content\/uploads\/2025\/04\/img-20250418-wa00343073989501186141155-1024x734.jpg\" alt=\"\" class=\"wp-image-9947\" srcset=\"https:\/\/plumanegranoticias.com\/wp-content\/uploads\/2025\/04\/img-20250418-wa00343073989501186141155-1024x734.jpg 1024w, https:\/\/plumanegranoticias.com\/wp-content\/uploads\/2025\/04\/img-20250418-wa00343073989501186141155-300x215.jpg 300w, https:\/\/plumanegranoticias.com\/wp-content\/uploads\/2025\/04\/img-20250418-wa00343073989501186141155-768x551.jpg 768w, https:\/\/plumanegranoticias.com\/wp-content\/uploads\/2025\/04\/img-20250418-wa00343073989501186141155.jpg 1053w\" sizes=\"auto, (max-width: 1024px) 100vw, 1024px\" \/><\/figure>\n","protected":false},"excerpt":{"rendered":"<p>Se extiende incendio en Parque Nacional Cofre de Perote, suman 200 ha. siniestradas: SEDENA \u00c1ngeles Gonz\u00e1lez CeballosXalapa, Ver., El incendio forestal en el Parque Nacional Cofre de Perote, contin\u00faa y se ha extendido, hasta este momento son 200 hect\u00e1reas aproximadamente las que se han visto afectadas. Por ello, la Secretar\u00eda de la Defensa Nacional (SEDENA),&#8230; <\/p>\n<div class=\"clear\"><\/div>\n<p><a href=\"https:\/\/plumanegranoticias.com\/?p=9951\" class=\"excerpt-read-more\">Read More<i class=\"fa fa-caret-right icon-caret-right\"><\/i><\/a><\/p>\n","protected":false},"author":2,"featured_media":9953,"comment_status":"open","ping_status":"open","sticky":false,"template":"","format":"standard","meta":{"om_disable_all_campaigns":false,"_monsterinsights_skip_tracking":false,"_monsterinsights_sitenote_active":false,"_monsterinsights_sitenote_note":"","_monsterinsights_sitenote_category":0,"_uf_show_specific_survey":0,"_uf_disable_surveys":false,"footnotes":""},"categories":[67,8,12],"tags":[18,34,61],"class_list":["post-9951","post","type-post","status-publish","format-standard","has-post-thumbnail","hentry","category-policiaca","category-politica","category-regional","tag-noticia","tag-policiaca","tag-politica"],"aioseo_notices":[],"_links":{"self":[{"href":"https:\/\/plumanegranoticias.com\/index.php?rest_route=\/wp\/v2\/posts\/9951","targetHints":{"allow":["GET"]}}],"collection":[{"href":"https:\/\/plumanegranoticias.com\/index.php?rest_route=\/wp\/v2\/posts"}],"about":[{"href":"https:\/\/plumanegranoticias.com\/index.php?rest_route=\/wp\/v2\/types\/post"}],"author":[{"embeddable":true,"href":"https:\/\/plumanegranoticias.com\/index.php?rest_route=\/wp\/v2\/users\/2"}],"replies":[{"embeddable":true,"href":"https:\/\/plumanegranoticias.com\/index.php?rest_route=%2Fwp%2Fv2%2Fcomments&post=9951"}],"version-history":[{"count":1,"href":"https:\/\/plumanegranoticias.com\/index.php?rest_route=\/wp\/v2\/posts\/9951\/revisions"}],"predecessor-version":[{"id":9952,"href":"https:\/\/plumanegranoticias.com\/index.php?rest_route=\/wp\/v2\/posts\/9951\/revisions\/9952"}],"wp:featuredmedia":[{"embeddable":true,"href":"https:\/\/plumanegranoticias.com\/index.php?rest_route=\/wp\/v2\/media\/9953"}],"wp:attachment":[{"href":"https:\/\/plumanegranoticias.com\/index.php?rest_route=%2Fwp%2Fv2%2Fmedia&parent=9951"}],"wp:term":[{"taxonomy":"category","embeddable":true,"href":"https:\/\/plumanegranoticias.com\/index.php?rest_route=%2Fwp%2Fv2%2Fcategories&post=9951"},{"taxonomy":"post_tag","embeddable":true,"href":"https:\/\/plumanegranoticias.com\/index.php?rest_route=%2Fwp%2Fv2%2Ftags&post=9951"}],"curies":[{"name":"wp","href":"https:\/\/api.w.org\/{rel}","templated":true}]}}