{"id":9965,"date":"2025-04-21T09:34:48","date_gmt":"2025-04-21T15:34:48","guid":{"rendered":"https:\/\/plumanegranoticias.com\/?p=9965"},"modified":"2025-04-21T09:35:08","modified_gmt":"2025-04-21T15:35:08","slug":"no-hay-denuncia-por-parte-de-los-familiares-por-la-desaparicion-del-comunicador","status":"publish","type":"post","link":"https:\/\/plumanegranoticias.com\/?p=9965","title":{"rendered":"No hay denuncia por parte de los familiares por la desaparici\u00f3n del comunicador"},"content":{"rendered":"\n<p><em>Pide no hacer casos a noticias falsas, de otras entidades y de otros a\u00f1os<\/em><\/p>\n\n\n\n<p>Angeles Gonz\u00e1lez Ceballos<br>Xalapa, Ver., La gobernadora de Veracruz, Roc\u00edo Nahle Garc\u00eda, pidi\u00f3 esperar a que la Fiscal\u00eda General del Estado d\u00e9 informaci\u00f3n sobre la desaparici\u00f3n del reportero Miguel \u00c1ngel Anaya Castillo, director del medio de comunicaci\u00f3n P\u00e1nuco On Line.<\/p>\n\n\n\n<p>En entrevista a una radio local, inform\u00f3 que no se ha presentado una denuncia ante las autoridades por parte de la familia del reportero.<\/p>\n\n\n\n<p>&#8220;No se present\u00f3 denuncia de familiares. Se buscaron a los familiares, creo que hasta el d\u00eda de ayer se localiz\u00f3 a un familiar del periodista o de este comunicador, porque no s\u00e9 si tenga la profesi\u00f3n de periodista, pero es comunicador.<\/p>\n\n\n\n<p>Ayer se localiz\u00f3 a un familiar, pero independientemente de ello se inici\u00f3 la investigaci\u00f3n respectiva. Vamos a esperar los resultados de la investigaci\u00f3n&#8221;, expres\u00f3.<\/p>\n\n\n\n<p>Pidi\u00f3 no caer en especulaciones, adem\u00e1s sostuvo que este como todos los casos se atienden de la misma manera, sean o no periodistas.<\/p>\n\n\n\n<p>&#8220;Vamos a esperar a que nos d\u00e9 una respuesta la Fiscal\u00eda&#8221;, enfatiz\u00f3.<\/p>\n\n\n\n<p>En otro tema, la Mandataria reconoci\u00f3 que se han estado difundiendo noticias falsas sobre hechos de inseguridad que han ocurrido en otras entidades del Pa\u00eds y de a\u00f1os anteriores.<\/p>\n\n\n\n<p>&#8220;Y no es cierto, no era en este estado, pero es importante se\u00f1alar que somos m\u00e1s los que queremos tranquilidad, los que queremos ver en forma positiva.<\/p>\n\n\n\n<p>Los que trabajamos, porque tambi\u00e9n no nada m\u00e1s es de tener ganar, sino de trabajar&#8221;, subray\u00f3.<\/p>\n\n\n\n<p>En otro tema, adelant\u00f3 que este martes llegar\u00e1 el primer cargamento de medicamentos oncol\u00f3gicos que hacen falta.<\/p>\n\n\n\n<p>&#8220;Esta semana deben de llegar todos, ya se hizo la compra a trav\u00e9s del Estado en coordinaci\u00f3n con el IMSS Bienestar&#8221;, subray\u00f3.<\/p>\n\n\n\n<figure class=\"wp-block-image size-large\"><img loading=\"lazy\" decoding=\"async\" width=\"1024\" height=\"682\" src=\"https:\/\/plumanegranoticias.com\/wp-content\/uploads\/2025\/04\/img-20250421-wa00307851798443069584430-1024x682.jpg\" alt=\"\" class=\"wp-image-9964\" srcset=\"https:\/\/plumanegranoticias.com\/wp-content\/uploads\/2025\/04\/img-20250421-wa00307851798443069584430-1024x682.jpg 1024w, https:\/\/plumanegranoticias.com\/wp-content\/uploads\/2025\/04\/img-20250421-wa00307851798443069584430-300x200.jpg 300w, https:\/\/plumanegranoticias.com\/wp-content\/uploads\/2025\/04\/img-20250421-wa00307851798443069584430-768x511.jpg 768w, https:\/\/plumanegranoticias.com\/wp-content\/uploads\/2025\/04\/img-20250421-wa00307851798443069584430.jpg 1080w\" sizes=\"auto, (max-width: 1024px) 100vw, 1024px\" \/><\/figure>\n","protected":false},"excerpt":{"rendered":"<p>Pide no hacer casos a noticias falsas, de otras entidades y de otros a\u00f1os Angeles Gonz\u00e1lez CeballosXalapa, Ver., La gobernadora de Veracruz, Roc\u00edo Nahle Garc\u00eda, pidi\u00f3 esperar a que la Fiscal\u00eda General del Estado d\u00e9 informaci\u00f3n sobre la desaparici\u00f3n del reportero Miguel \u00c1ngel Anaya Castillo, director del medio de comunicaci\u00f3n P\u00e1nuco On Line. En entrevista&#8230; <\/p>\n<div class=\"clear\"><\/div>\n<p><a href=\"https:\/\/plumanegranoticias.com\/?p=9965\" class=\"excerpt-read-more\">Read More<i class=\"fa fa-caret-right icon-caret-right\"><\/i><\/a><\/p>\n","protected":false},"author":2,"featured_media":9967,"comment_status":"open","ping_status":"open","sticky":false,"template":"","format":"standard","meta":{"om_disable_all_campaigns":false,"_monsterinsights_skip_tracking":false,"_monsterinsights_sitenote_active":false,"_monsterinsights_sitenote_note":"","_monsterinsights_sitenote_category":0,"_uf_show_specific_survey":0,"_uf_disable_surveys":false,"footnotes":""},"categories":[8,12],"tags":[61,19],"class_list":["post-9965","post","type-post","status-publish","format-standard","has-post-thumbnail","hentry","category-politica","category-regional","tag-politica","tag-regional"],"aioseo_notices":[],"_links":{"self":[{"href":"https:\/\/plumanegranoticias.com\/index.php?rest_route=\/wp\/v2\/posts\/9965","targetHints":{"allow":["GET"]}}],"collection":[{"href":"https:\/\/plumanegranoticias.com\/index.php?rest_route=\/wp\/v2\/posts"}],"about":[{"href":"https:\/\/plumanegranoticias.com\/index.php?rest_route=\/wp\/v2\/types\/post"}],"author":[{"embeddable":true,"href":"https:\/\/plumanegranoticias.com\/index.php?rest_route=\/wp\/v2\/users\/2"}],"replies":[{"embeddable":true,"href":"https:\/\/plumanegranoticias.com\/index.php?rest_route=%2Fwp%2Fv2%2Fcomments&post=9965"}],"version-history":[{"count":1,"href":"https:\/\/plumanegranoticias.com\/index.php?rest_route=\/wp\/v2\/posts\/9965\/revisions"}],"predecessor-version":[{"id":9966,"href":"https:\/\/plumanegranoticias.com\/index.php?rest_route=\/wp\/v2\/posts\/9965\/revisions\/9966"}],"wp:featuredmedia":[{"embeddable":true,"href":"https:\/\/plumanegranoticias.com\/index.php?rest_route=\/wp\/v2\/media\/9967"}],"wp:attachment":[{"href":"https:\/\/plumanegranoticias.com\/index.php?rest_route=%2Fwp%2Fv2%2Fmedia&parent=9965"}],"wp:term":[{"taxonomy":"category","embeddable":true,"href":"https:\/\/plumanegranoticias.com\/index.php?rest_route=%2Fwp%2Fv2%2Fcategories&post=9965"},{"taxonomy":"post_tag","embeddable":true,"href":"https:\/\/plumanegranoticias.com\/index.php?rest_route=%2Fwp%2Fv2%2Ftags&post=9965"}],"curies":[{"name":"wp","href":"https:\/\/api.w.org\/{rel}","templated":true}]}}