{"id":9974,"date":"2025-04-22T11:29:49","date_gmt":"2025-04-22T17:29:49","guid":{"rendered":"https:\/\/plumanegranoticias.com\/?p=9974"},"modified":"2025-04-22T11:30:39","modified_gmt":"2025-04-22T17:30:39","slug":"hoy-es-dia-internacional-la-madre-tierra","status":"publish","type":"post","link":"https:\/\/plumanegranoticias.com\/?p=9974","title":{"rendered":"HOY ES D\u00cdA INTERNACIONAL LA MADRE TIERRA"},"content":{"rendered":"\n<p>&#8220;El D\u00eda Internacional de la Madre Tierra se celebra desde el a\u00f1o 1970 con el objetivo de concienciar a la humanidad sobre los problemas generados \u00f10por la superpoblaci\u00f3n, la contaminaci\u00f3n, la conservaci\u00f3n de la biodiversidad y otras preocupaciones ambientales&#8221;.<\/p>\n\n\n\n<p>&#8220;La Madre Tierra* claramente nos pide que actuemos. Los oc\u00e9anos se llenan de pl\u00e1sticos y se vuelven m\u00e1s \u00e1cidos. El calor extremo, los incendios forestales, las inundaciones y otros eventos clim\u00e1ticos han afectado a millones de personas. A\u00fan al d\u00eda de hoy nos enfrentamos al&nbsp;COVID -19, una pandemia sanitaria mundial con una fuerte relaci\u00f3n con la salud de nuestro ecosistema.&nbsp; El&nbsp;cambio clim\u00e1tico, los cambios provocados por el hombre en la naturaleza, as\u00ed como los cr\u00edmenes que perturban la biodiversidad, como la deforestaci\u00f3n, el cambio de uso del suelo, la producci\u00f3n agr\u00edcola y ganadera intensiva o el creciente comercio ilegal de vida silvestre, pueden acelerar el ritmo de destrucci\u00f3n del planeta.&#8221;<\/p>\n\n\n\n<ul class=\"wp-block-list\">\n<li>ONU<\/li>\n<\/ul>\n\n\n\n<p>\ud83d\udc49El 22 de abril de 1577 por Real C\u00e9dula se prohibi\u00f3 la obra de Bernardino de Sahag\u00fan y cualquier otra que se escribiera sobre las creencias indias.<\/p>\n\n\n\n<p>\ud83d\udc49El 22 de abril de 1837 ocurrio Masacre de Johnson, en Santa Rita del Cobre, Nuevo M\u00e9xico, John Johnson un aventurero inescrupuloso atra\u00eddo por la recompensa ofrecida por cada cabellera apache, convoc\u00f3 a un grupo de ind\u00edgenas con el pretexto de comerciar, los apaches una vez reunidos, Johnson abri\u00f3 fuego contra ellos con un ca\u00f1\u00f3n. 20 ind\u00edgenas fallecieron, entre ellos dos esposas de&nbsp;Mangas Coloradas, quien se cree tambi\u00e9n estuvo all\u00ed logrando escapar.<\/p>\n\n\n\n<p>\ud83d\udc49El 22 de abril de 1854 muri\u00f3 el General Nicol\u00e1s Bravo, h\u00e9roe de la independencia de M\u00e9xico. Leonardo Bravo, padre de Nicol\u00e1s y tambi\u00e9n insurgente fue hecho prisionero por los espa\u00f1oles, se le pidi\u00f3 se indultara a Nicol\u00e1s a cambio de la vida de su padre, este se neg\u00f3 y su progenitor fue fusilado, \u00e9l teniendo presos a 300 soldados realistas decidi\u00f3 perdonarlos y los liber\u00f3. Fue tres veces, por cortos per\u00edodos, presidente de la rep\u00fablica.<\/p>\n\n\n\n<p>\ud83d\udc49El 22 de abril de 1870 naci\u00f3 Uli\u00e1novks, Rusia el pol\u00edtico y revolucionario ruso Vladimir Ilyich Uli\u00e1nov, mejor conocido como Lenin, quien encabez\u00f3 en Rusia la Revoluci\u00f3n de Octubre de 1917.<\/p>\n\n\n\n<p>\ud83d\udc49El 22 de abril de 1898 una escuadra de 20 buques estadounidenses bloque\u00f3 la bah\u00eda de La Habana, inici\u00e1ndose as\u00ed la guerra entre EEUU y Espa\u00f1a. Washington supuestamente apoyaba la independencia de Cuba, m\u00e1s bien fue una ingerencia con fines imperiales.<\/p>\n\n\n\n<p>\ud83d\udc49El 22 de abril de 1982 en Rabinal, Baja Verapaz, Guatemala fue asesinado F\u00e9lix Tecu Jer\u00f3nimo campesino achi y catequista delegado de la palabra.<\/p>\n\n\n\n<p>\ud83d\udc49El 22 de abril de 1990 Paulo y Jos\u00e9 Canuto luchadores por la tierra en R\u00edo Mar\u00eda, PA, Brasil fueron asesinados, hoy son considerados m\u00e1rtires.<\/p>\n\n\n\n<p>\ud83d\udc49El 22 de abril de 2013 en Santa Rosa, en La Pampa Argentina se inaugur\u00f3 el monumento en homenaje a Pinc\u00e9n, el irreductible cacique que lider\u00f3 los \u00faltimos movimientos de resistencia ind\u00edgena en las pampas.<\/p>\n\n\n\n<p>\ud83d\udc49Redact\u00f3: Jorge Arriaga NARANJO\/UPREZ<\/p>\n\n\n\n<figure class=\"wp-block-image size-large\"><img loading=\"lazy\" decoding=\"async\" width=\"768\" height=\"1024\" src=\"https:\/\/plumanegranoticias.com\/wp-content\/uploads\/2025\/04\/20250410_1833242951185846143565042-768x1024.jpg\" alt=\"\" class=\"wp-image-9972\" srcset=\"https:\/\/plumanegranoticias.com\/wp-content\/uploads\/2025\/04\/20250410_1833242951185846143565042-768x1024.jpg 768w, https:\/\/plumanegranoticias.com\/wp-content\/uploads\/2025\/04\/20250410_1833242951185846143565042-225x300.jpg 225w, https:\/\/plumanegranoticias.com\/wp-content\/uploads\/2025\/04\/20250410_1833242951185846143565042-1152x1536.jpg 1152w, https:\/\/plumanegranoticias.com\/wp-content\/uploads\/2025\/04\/20250410_1833242951185846143565042.jpg 1500w\" sizes=\"auto, (max-width: 768px) 100vw, 768px\" \/><\/figure>\n","protected":false},"excerpt":{"rendered":"<p>&#8220;El D\u00eda Internacional de la Madre Tierra se celebra desde el a\u00f1o 1970 con el objetivo de concienciar a la humanidad sobre los problemas generados \u00f10por la superpoblaci\u00f3n, la contaminaci\u00f3n, la conservaci\u00f3n de la biodiversidad y otras preocupaciones ambientales&#8221;. &#8220;La Madre Tierra* claramente nos pide que actuemos. Los oc\u00e9anos se llenan de pl\u00e1sticos y se&#8230; <\/p>\n<div class=\"clear\"><\/div>\n<p><a href=\"https:\/\/plumanegranoticias.com\/?p=9974\" class=\"excerpt-read-more\">Read More<i class=\"fa fa-caret-right icon-caret-right\"><\/i><\/a><\/p>\n","protected":false},"author":2,"featured_media":9973,"comment_status":"open","ping_status":"open","sticky":false,"template":"","format":"standard","meta":{"om_disable_all_campaigns":false,"_monsterinsights_skip_tracking":false,"_monsterinsights_sitenote_active":false,"_monsterinsights_sitenote_note":"","_monsterinsights_sitenote_category":0,"_uf_show_specific_survey":0,"_uf_disable_surveys":false,"footnotes":""},"categories":[1],"tags":[],"class_list":["post-9974","post","type-post","status-publish","format-standard","has-post-thumbnail","hentry","category-blog"],"aioseo_notices":[],"_links":{"self":[{"href":"https:\/\/plumanegranoticias.com\/index.php?rest_route=\/wp\/v2\/posts\/9974","targetHints":{"allow":["GET"]}}],"collection":[{"href":"https:\/\/plumanegranoticias.com\/index.php?rest_route=\/wp\/v2\/posts"}],"about":[{"href":"https:\/\/plumanegranoticias.com\/index.php?rest_route=\/wp\/v2\/types\/post"}],"author":[{"embeddable":true,"href":"https:\/\/plumanegranoticias.com\/index.php?rest_route=\/wp\/v2\/users\/2"}],"replies":[{"embeddable":true,"href":"https:\/\/plumanegranoticias.com\/index.php?rest_route=%2Fwp%2Fv2%2Fcomments&post=9974"}],"version-history":[{"count":1,"href":"https:\/\/plumanegranoticias.com\/index.php?rest_route=\/wp\/v2\/posts\/9974\/revisions"}],"predecessor-version":[{"id":9975,"href":"https:\/\/plumanegranoticias.com\/index.php?rest_route=\/wp\/v2\/posts\/9974\/revisions\/9975"}],"wp:featuredmedia":[{"embeddable":true,"href":"https:\/\/plumanegranoticias.com\/index.php?rest_route=\/wp\/v2\/media\/9973"}],"wp:attachment":[{"href":"https:\/\/plumanegranoticias.com\/index.php?rest_route=%2Fwp%2Fv2%2Fmedia&parent=9974"}],"wp:term":[{"taxonomy":"category","embeddable":true,"href":"https:\/\/plumanegranoticias.com\/index.php?rest_route=%2Fwp%2Fv2%2Fcategories&post=9974"},{"taxonomy":"post_tag","embeddable":true,"href":"https:\/\/plumanegranoticias.com\/index.php?rest_route=%2Fwp%2Fv2%2Ftags&post=9974"}],"curies":[{"name":"wp","href":"https:\/\/api.w.org\/{rel}","templated":true}]}}