{"id":9978,"date":"2025-04-22T11:32:11","date_gmt":"2025-04-22T17:32:11","guid":{"rendered":"https:\/\/plumanegranoticias.com\/?p=9978"},"modified":"2025-04-22T11:32:48","modified_gmt":"2025-04-22T17:32:48","slug":"candidatos-del-pt-no-quieren-seguridad-vicente-aguilar","status":"publish","type":"post","link":"https:\/\/plumanegranoticias.com\/?p=9978","title":{"rendered":"Candidatos del PT no quieren seguridad: Vicente Aguilar"},"content":{"rendered":"\n<p>\u00c1ngeles Gonz\u00e1lez Ceballos<br>Xalapa, Ver., Tras el atentado que sufri\u00f3 el candidato del Partido del Trabajo a la alcald\u00eda de Mixtla de Altamirano, Crisp\u00edn Hern\u00e1ndez S\u00e1nchez o el presunto secuestro del candidato de Las Vigas, Jos\u00e9 Hern\u00e1ndez Cayetano; el dirigente estatal del instituto pol\u00edtico, Vicente Aguilar Aguilar, defini\u00f3 que ellos no quiere seguridad.<\/p>\n\n\n\n<p>En entrevista, asegur\u00f3 que en ambos casos se present\u00f3 denuncia formal ante la Fiscal\u00eda General del Estado.<\/p>\n\n\n\n<p>&#8220;S\u00ed hay denuncias formales, hay una denuncia por lo de Mixtla, por lo de Las Vigas, pero no hemos solicitado (seguridad) porque nuestros candidatos no nos han pedido vigilancia especial&#8221;, revel\u00f3.<\/p>\n\n\n\n<p>El l\u00edder partidista manifest\u00f3 que la perdici\u00f3n del Partido es que haya vigilancia de manera general por zonas o regiones.<\/p>\n\n\n\n<p>Insisti\u00f3 en que si los candidatos o candidatas piden la seguridad por alguna situaci\u00f3n, entonces presentar\u00e1n la solicitud formal ante el Organismo P\u00fablico Local Electoral (OPLE).<\/p>\n\n\n\n<p>&#8220;C\u00f3mo podemos pedirle seguridad a un candidato cuando no lo pide. Es una cuesti\u00f3n del candidato. No ha pedido (seguridad), est\u00e1 en proceso la investigaci\u00f3n. \u00c9l no se baja de la contienda, sigue en la contienda&#8221;, asegur\u00f3.<\/p>\n\n\n\n<p>Cuestionado sobre la investigaci\u00f3n en contra del candidato de Las Vigas, por un presunto autosecuestro, el dirigente del PT opin\u00f3 que no lo cree.<\/p>\n\n\n\n<p>Mencion\u00f3 que aunque no lo ha ido a ver, apareci\u00f3 golpeado, adem\u00e1s de que estaba espantado.<\/p>\n\n\n\n<p>Finalmente, inform\u00f3 que ya concluyeron el registro de candidatos y candidatas, solamente est\u00e1n revisando algunas sustituciones de regidur\u00edas.<\/p>\n\n\n\n<figure class=\"wp-block-image size-large\"><img loading=\"lazy\" decoding=\"async\" width=\"1024\" height=\"576\" src=\"https:\/\/plumanegranoticias.com\/wp-content\/uploads\/2025\/04\/img-20250422-wa00571930886226400054697-1024x576.jpg\" alt=\"\" class=\"wp-image-9976\" srcset=\"https:\/\/plumanegranoticias.com\/wp-content\/uploads\/2025\/04\/img-20250422-wa00571930886226400054697-1024x576.jpg 1024w, https:\/\/plumanegranoticias.com\/wp-content\/uploads\/2025\/04\/img-20250422-wa00571930886226400054697-300x169.jpg 300w, https:\/\/plumanegranoticias.com\/wp-content\/uploads\/2025\/04\/img-20250422-wa00571930886226400054697-768x432.jpg 768w, https:\/\/plumanegranoticias.com\/wp-content\/uploads\/2025\/04\/img-20250422-wa00571930886226400054697-1536x864.jpg 1536w, https:\/\/plumanegranoticias.com\/wp-content\/uploads\/2025\/04\/img-20250422-wa00571930886226400054697.jpg 1600w\" sizes=\"auto, (max-width: 1024px) 100vw, 1024px\" \/><\/figure>\n\n\n\n<figure class=\"wp-block-video\"><video height=\"478\" style=\"aspect-ratio: 848 \/ 478;\" width=\"848\" controls src=\"https:\/\/plumanegranoticias.com\/wp-content\/uploads\/2025\/04\/VID-20250422-WA0058.mp4\"><\/video><\/figure>\n","protected":false},"excerpt":{"rendered":"<p>\u00c1ngeles Gonz\u00e1lez CeballosXalapa, Ver., Tras el atentado que sufri\u00f3 el candidato del Partido del Trabajo a la alcald\u00eda de Mixtla de Altamirano, Crisp\u00edn Hern\u00e1ndez S\u00e1nchez o el presunto secuestro del candidato de Las Vigas, Jos\u00e9 Hern\u00e1ndez Cayetano; el dirigente estatal del instituto pol\u00edtico, Vicente Aguilar Aguilar, defini\u00f3 que ellos no quiere seguridad. En entrevista, asegur\u00f3&#8230; <\/p>\n<div class=\"clear\"><\/div>\n<p><a href=\"https:\/\/plumanegranoticias.com\/?p=9978\" class=\"excerpt-read-more\">Read More<i class=\"fa fa-caret-right icon-caret-right\"><\/i><\/a><\/p>\n","protected":false},"author":2,"featured_media":9980,"comment_status":"open","ping_status":"open","sticky":false,"template":"","format":"standard","meta":{"om_disable_all_campaigns":false,"_monsterinsights_skip_tracking":false,"_monsterinsights_sitenote_active":false,"_monsterinsights_sitenote_note":"","_monsterinsights_sitenote_category":0,"_uf_show_specific_survey":0,"_uf_disable_surveys":false,"footnotes":""},"categories":[8,12],"tags":[20,22,18,61,19],"class_list":["post-9978","post","type-post","status-publish","format-standard","has-post-thumbnail","hentry","category-politica","category-regional","tag-negocios","tag-nota-roja","tag-noticia","tag-politica","tag-regional"],"aioseo_notices":[],"_links":{"self":[{"href":"https:\/\/plumanegranoticias.com\/index.php?rest_route=\/wp\/v2\/posts\/9978","targetHints":{"allow":["GET"]}}],"collection":[{"href":"https:\/\/plumanegranoticias.com\/index.php?rest_route=\/wp\/v2\/posts"}],"about":[{"href":"https:\/\/plumanegranoticias.com\/index.php?rest_route=\/wp\/v2\/types\/post"}],"author":[{"embeddable":true,"href":"https:\/\/plumanegranoticias.com\/index.php?rest_route=\/wp\/v2\/users\/2"}],"replies":[{"embeddable":true,"href":"https:\/\/plumanegranoticias.com\/index.php?rest_route=%2Fwp%2Fv2%2Fcomments&post=9978"}],"version-history":[{"count":1,"href":"https:\/\/plumanegranoticias.com\/index.php?rest_route=\/wp\/v2\/posts\/9978\/revisions"}],"predecessor-version":[{"id":9979,"href":"https:\/\/plumanegranoticias.com\/index.php?rest_route=\/wp\/v2\/posts\/9978\/revisions\/9979"}],"wp:featuredmedia":[{"embeddable":true,"href":"https:\/\/plumanegranoticias.com\/index.php?rest_route=\/wp\/v2\/media\/9980"}],"wp:attachment":[{"href":"https:\/\/plumanegranoticias.com\/index.php?rest_route=%2Fwp%2Fv2%2Fmedia&parent=9978"}],"wp:term":[{"taxonomy":"category","embeddable":true,"href":"https:\/\/plumanegranoticias.com\/index.php?rest_route=%2Fwp%2Fv2%2Fcategories&post=9978"},{"taxonomy":"post_tag","embeddable":true,"href":"https:\/\/plumanegranoticias.com\/index.php?rest_route=%2Fwp%2Fv2%2Ftags&post=9978"}],"curies":[{"name":"wp","href":"https:\/\/api.w.org\/{rel}","templated":true}]}}